{"id":14106,"date":"2020-06-22T16:24:14","date_gmt":"2020-06-22T21:24:14","guid":{"rendered":"http:\/\/www.zonaroja.com.mx\/?p=14106"},"modified":"2020-06-22T16:24:18","modified_gmt":"2020-06-22T21:24:18","slug":"condena-congreso-de-oaxaca-masacre-en-san-mateo-del-mar","status":"publish","type":"post","link":"https:\/\/zonaroja.com.mx\/?p=14106","title":{"rendered":"Condena Congreso de Oaxaca masacre en San Mateo del Mar"},"content":{"rendered":"\n<p>Redacci\u00f3n\/Zona\nRoja.<\/p>\n\n\n\n<p>Oaxaca de\nJu\u00e1rez, Oax. 22 de junio de 2020.- El Congreso del Estado de Oaxaca conden\u00f3 la\nmasacre ocurrida en el municipio de San Mateo del Mar, donde informes\npreliminares hablan de 15 muertos, un n\u00famero indeterminado de heridos y\ndesaparecidos, y exigi\u00f3 en\u00e9rgicamente al gobernador Alejandro Murat Hinojosa,\ngarantizar la gobernabilidad y paz en esta zona, para que el pueblo ikoot viva\ncon seguridad y armon\u00eda.<\/p>\n\n\n\n<p>Lo\nanterior, despu\u00e9s de que versiones procedentes de este municipio, ubicado en el\nIstmo de Tehuantepec, dieron cuenta de un ataque armado &#8211;en dos momentos&#8211;&nbsp; en contra de pobladores de diversas agencias\nque se dirig\u00edan a una asamblea de an\u00e1lisis e informaci\u00f3n para organizarse de\nacuerdo a sus normas internas, misma que se llevar\u00eda a cabo en&nbsp; Huazantl\u00e1n del R\u00edo.<\/p>\n\n\n\n<p>\u201cExpresamos\nnuestro pesar al pueblo ikoots, nos solidarizamos con el dolor de las v\u00edctimas\ny de las familias afectadas por este acto irracional de barbarie, y hacemos\nvotos por la pronta recuperaci\u00f3n de las personas heridas\u201d, expuso en un\ndocumento la Junta de Coordinaci\u00f3n Pol\u00edtica de la LXIV Legislatura Estatal,\npresidida por Horacio Sosa Villavicencio.<\/p>\n\n\n\n<p>Estos\nhechos podr\u00edan implicar un ataque directo \u201cy por las v\u00edas m\u00e1s brutales\u201d a las\ncapacidades ciudadanas para intervenir en los asuntos de inter\u00e9s p\u00fablico. Por\nello la diputaci\u00f3n oaxaque\u00f1a conden\u00f3 la b\u00fasqueda de mantener el control social\no pol\u00edtico a trav\u00e9s del terror, \u201caspecto inadmisible en cualquier sociedad que,\ncomo la nuestra, aspira a considerarse democr\u00e1tica\u201d.<\/p>\n\n\n\n<p>Como al\nparecer las v\u00edctimas mortales y los lesionados se dirig\u00edan a una reuni\u00f3n para\nanalizar su relaci\u00f3n con las autoridades de la cabecera municipal, se\nresponsabilizan del atentado al presidente municipal Bernardino Ponce Hinojosa.\nLa situaci\u00f3n se agrava porque trascendi\u00f3 que a las propias autoridades de\nseguridad e investigaci\u00f3n, se les imped\u00eda el ingreso al lugar de los hechos. <\/p>\n\n\n\n<p>Por este\nacontecimiento, el Congreso exigi\u00f3 a la Fiscal\u00eda General del Estado de Oaxaca\nuna investigaci\u00f3n pronta, completa, expedita e imparcial, que permita llevar a\nlos responsables a la justicia para que, conforme a derecho, hagan frente a las\nconsecuencias de los delitos cometidos,&nbsp;\n\u201caun en la conciencia de que este agravio a un pueblo ind\u00edgena&nbsp; es imposible de reparar\u201d.<\/p>\n","protected":false},"excerpt":{"rendered":"<p>Redacci\u00f3n\/Zona Roja. Oaxaca de Ju\u00e1rez, Oax. 22 de junio de 2020.- El Congreso del Estado&hellip;<\/p>\n","protected":false},"author":2,"featured_media":7605,"comment_status":"closed","ping_status":"open","sticky":false,"template":"","format":"standard","meta":{"_lmt_disableupdate":"","_lmt_disable":"","_jetpack_memberships_contains_paid_content":false,"footnotes":""},"categories":[109,51],"tags":[213],"class_list":["post-14106","post","type-post","status-publish","format-standard","has-post-thumbnail","hentry","category-minuto-a-minuto","category-zona-roja","tag-64-legislatura-de-oaxaca"],"jetpack_featured_media_url":"https:\/\/zonaroja.com.mx\/wp-content\/uploads\/2020\/01\/C\u00e1mara-de-Diputados-Oax-5.jpg","jetpack_sharing_enabled":true,"_links":{"self":[{"href":"https:\/\/zonaroja.com.mx\/index.php?rest_route=\/wp\/v2\/posts\/14106","targetHints":{"allow":["GET"]}}],"collection":[{"href":"https:\/\/zonaroja.com.mx\/index.php?rest_route=\/wp\/v2\/posts"}],"about":[{"href":"https:\/\/zonaroja.com.mx\/index.php?rest_route=\/wp\/v2\/types\/post"}],"author":[{"embeddable":true,"href":"https:\/\/zonaroja.com.mx\/index.php?rest_route=\/wp\/v2\/users\/2"}],"replies":[{"embeddable":true,"href":"https:\/\/zonaroja.com.mx\/index.php?rest_route=%2Fwp%2Fv2%2Fcomments&post=14106"}],"version-history":[{"count":1,"href":"https:\/\/zonaroja.com.mx\/index.php?rest_route=\/wp\/v2\/posts\/14106\/revisions"}],"predecessor-version":[{"id":14107,"href":"https:\/\/zonaroja.com.mx\/index.php?rest_route=\/wp\/v2\/posts\/14106\/revisions\/14107"}],"wp:featuredmedia":[{"embeddable":true,"href":"https:\/\/zonaroja.com.mx\/index.php?rest_route=\/wp\/v2\/media\/7605"}],"wp:attachment":[{"href":"https:\/\/zonaroja.com.mx\/index.php?rest_route=%2Fwp%2Fv2%2Fmedia&parent=14106"}],"wp:term":[{"taxonomy":"category","embeddable":true,"href":"https:\/\/zonaroja.com.mx\/index.php?rest_route=%2Fwp%2Fv2%2Fcategories&post=14106"},{"taxonomy":"post_tag","embeddable":true,"href":"https:\/\/zonaroja.com.mx\/index.php?rest_route=%2Fwp%2Fv2%2Ftags&post=14106"}],"curies":[{"name":"wp","href":"https:\/\/api.w.org\/{rel}","templated":true}]}}