{"id":14108,"date":"2020-06-22T16:45:07","date_gmt":"2020-06-22T21:45:07","guid":{"rendered":"http:\/\/www.zonaroja.com.mx\/?p=14108"},"modified":"2020-06-22T16:45:11","modified_gmt":"2020-06-22T21:45:11","slug":"colectivos-del-istmo-y-valles-exigen-justicia-por-desaparecidas-de-tuxtepec","status":"publish","type":"post","link":"https:\/\/zonaroja.com.mx\/?p=14108","title":{"rendered":"Colectivos del Istmo y Valles exigen justicia por desaparecidas de Tuxtepec"},"content":{"rendered":"\n<p>Yuridiana\nSosa\/Zona Roja.<\/p>\n\n\n\n<p>Oaxaca de\nJu\u00e1rez, Oax., 22 de junio de 2020.- Con la etiqueta \u201cNo queremos Guelaguetza,\nqueremos a nuestras hermanas de vuelta\u201d, activistas feministas de la regi\u00f3n del\nIstmo y Valles Centrales se solidarizaron con la exigencia de justicia de las\nfamilias de la regi\u00f3n de la Cuenca por la desaparici\u00f3n de j\u00f3venes mujeres.<\/p>\n\n\n\n<p>En plazas\ny estructuras p\u00fablicas de los municipios de Salina Cruz, Ciudad Ixtepec, en el\nIstmo, as\u00ed como en Santa Mar\u00eda el Tule y Tuxtepec, fueron instaladas decenas de\nmantas y cartulinas para sentenciar la violencia feminicida en la entidad.<\/p>\n\n\n\n<p>\u201cJusticia para F\u00e1tima, justicia para Itzel, justicia para Casandra\u201d &#8211;desparecidas en San Juan Bautista Tuxtepec&#8211; fueron las consignas principales en la manifestaci\u00f3n escrita de los colectivos, la cual comenz\u00f3 durante la noche del s\u00e1bado y que fueron retiradas de algunas plazas en las primeras horas de este domingo.<\/p>\n\n\n\n<figure class=\"wp-block-image\"><img decoding=\"async\" width=\"768\" height=\"1024\" src=\"http:\/\/www.zonaroja.com.mx\/wp-content\/uploads\/2020\/06\/Protestas-feministas-por-Tuxtepec-1-768x1024.jpg\" alt=\"\" class=\"wp-image-14109\" srcset=\"https:\/\/zonaroja.com.mx\/wp-content\/uploads\/2020\/06\/Protestas-feministas-por-Tuxtepec-1-768x1024.jpg 768w, https:\/\/zonaroja.com.mx\/wp-content\/uploads\/2020\/06\/Protestas-feministas-por-Tuxtepec-1-225x300.jpg 225w, https:\/\/zonaroja.com.mx\/wp-content\/uploads\/2020\/06\/Protestas-feministas-por-Tuxtepec-1-585x780.jpg 585w, https:\/\/zonaroja.com.mx\/wp-content\/uploads\/2020\/06\/Protestas-feministas-por-Tuxtepec-1.jpg 960w\" sizes=\"(max-width: 768px) 100vw, 768px\" \/><\/figure>\n\n\n\n<p>Las\nj\u00f3venes no han sido localizadas desde que en marzo, F\u00e1tima Palacios, de 18 a\u00f1os\nde edad, sali\u00f3 de casa; Itzel, de 21 a\u00f1os, el 14 de abril, y Casandra, de 23\na\u00f1os, el 6 de mayo.<\/p>\n\n\n\n<p>Aunque\npresuntamente sus cuerpos fueron localizados sin vida en fosas en un predio de\nla comunidad de Zacate Colorado, de Tuxtepec, a\u00fan no existen la versi\u00f3n o\nconformaci\u00f3n de la Fiscal\u00eda General del Estado sobre el hallazgo y su relaci\u00f3n\ncon las j\u00f3venes.<\/p>\n\n\n\n<p>El movimiento feminista a favor la justicia por las desaparecidas de Tuxtepec se ha fortalecido en los \u00faltimos d\u00edas tras las manifestaciones de las familias de las v\u00edctimas y del Colectivo Tuxfem.<\/p>\n\n\n\n<figure class=\"wp-block-image\"><img decoding=\"async\" width=\"1024\" height=\"768\" src=\"http:\/\/www.zonaroja.com.mx\/wp-content\/uploads\/2020\/06\/Protestas-feministas-por-Tuxtepec-3-1024x768.jpg\" alt=\"\" class=\"wp-image-14110\" srcset=\"https:\/\/zonaroja.com.mx\/wp-content\/uploads\/2020\/06\/Protestas-feministas-por-Tuxtepec-3-1024x768.jpg 1024w, https:\/\/zonaroja.com.mx\/wp-content\/uploads\/2020\/06\/Protestas-feministas-por-Tuxtepec-3-300x225.jpg 300w, https:\/\/zonaroja.com.mx\/wp-content\/uploads\/2020\/06\/Protestas-feministas-por-Tuxtepec-3-768x576.jpg 768w, https:\/\/zonaroja.com.mx\/wp-content\/uploads\/2020\/06\/Protestas-feministas-por-Tuxtepec-3-1170x878.jpg 1170w, https:\/\/zonaroja.com.mx\/wp-content\/uploads\/2020\/06\/Protestas-feministas-por-Tuxtepec-3-585x439.jpg 585w, https:\/\/zonaroja.com.mx\/wp-content\/uploads\/2020\/06\/Protestas-feministas-por-Tuxtepec-3.jpg 1280w\" sizes=\"(max-width: 1024px) 100vw, 1024px\" \/><\/figure>\n\n\n\n<p>Las\nmantas con los nombres de las j\u00f3venes tuxtepecanas en las plazas de Salina Cruz\nsorprendi\u00f3 a la comunidad. \u201cResistencia feminista oaxaque\u00f1a, no queremos\nGuelaguetza, queremos a nuestras hermanas de vuelta, Itzel, F\u00e1tima, Casandra\u201d.<\/p>\n\n\n\n<p>En las\nletras tur\u00edsticas de Ciudad Ixtepec fueron instalados los mensajes: \u201cVivas las\nqueremos, Itzel, Casandra, F\u00e1tima, #NiUnaMenos\u201d, pero adem\u00e1s denunciaron\nhostigamiento y acoso en las universidades, \u201cDocente y estudiantes, si callas\neres c\u00f3mplice #SUNEORedDeAcosadores #RedDeUnistme\u00f1osFeministas\u201d.<\/p>\n\n\n\n<p>En Santa\nMar\u00eda El Tule y en Tuxtepec, las mantas con el mismo mensaje fueron colocadas\nen puentes.<\/p>\n","protected":false},"excerpt":{"rendered":"<p>Yuridiana Sosa\/Zona Roja. Oaxaca de Ju\u00e1rez, Oax., 22 de junio de 2020.- Con la etiqueta&hellip;<\/p>\n","protected":false},"author":2,"featured_media":14111,"comment_status":"closed","ping_status":"open","sticky":false,"template":"","format":"standard","meta":{"_lmt_disableupdate":"","_lmt_disable":"","_jetpack_memberships_contains_paid_content":false,"footnotes":""},"categories":[109,47],"tags":[610],"class_list":["post-14108","post","type-post","status-publish","format-standard","has-post-thumbnail","hentry","category-minuto-a-minuto","category-zona-gris","tag-feminicidios-oaxaca"],"jetpack_featured_media_url":"https:\/\/zonaroja.com.mx\/wp-content\/uploads\/2020\/06\/Protestas-feministas-por-Tuxtepec-2.jpg","jetpack_sharing_enabled":true,"_links":{"self":[{"href":"https:\/\/zonaroja.com.mx\/index.php?rest_route=\/wp\/v2\/posts\/14108","targetHints":{"allow":["GET"]}}],"collection":[{"href":"https:\/\/zonaroja.com.mx\/index.php?rest_route=\/wp\/v2\/posts"}],"about":[{"href":"https:\/\/zonaroja.com.mx\/index.php?rest_route=\/wp\/v2\/types\/post"}],"author":[{"embeddable":true,"href":"https:\/\/zonaroja.com.mx\/index.php?rest_route=\/wp\/v2\/users\/2"}],"replies":[{"embeddable":true,"href":"https:\/\/zonaroja.com.mx\/index.php?rest_route=%2Fwp%2Fv2%2Fcomments&post=14108"}],"version-history":[{"count":1,"href":"https:\/\/zonaroja.com.mx\/index.php?rest_route=\/wp\/v2\/posts\/14108\/revisions"}],"predecessor-version":[{"id":14112,"href":"https:\/\/zonaroja.com.mx\/index.php?rest_route=\/wp\/v2\/posts\/14108\/revisions\/14112"}],"wp:featuredmedia":[{"embeddable":true,"href":"https:\/\/zonaroja.com.mx\/index.php?rest_route=\/wp\/v2\/media\/14111"}],"wp:attachment":[{"href":"https:\/\/zonaroja.com.mx\/index.php?rest_route=%2Fwp%2Fv2%2Fmedia&parent=14108"}],"wp:term":[{"taxonomy":"category","embeddable":true,"href":"https:\/\/zonaroja.com.mx\/index.php?rest_route=%2Fwp%2Fv2%2Fcategories&post=14108"},{"taxonomy":"post_tag","embeddable":true,"href":"https:\/\/zonaroja.com.mx\/index.php?rest_route=%2Fwp%2Fv2%2Ftags&post=14108"}],"curies":[{"name":"wp","href":"https:\/\/api.w.org\/{rel}","templated":true}]}}