{"id":14113,"date":"2020-06-22T18:57:29","date_gmt":"2020-06-22T23:57:29","guid":{"rendered":"http:\/\/www.zonaroja.com.mx\/?p=14113"},"modified":"2020-06-22T18:57:33","modified_gmt":"2020-06-22T23:57:33","slug":"confirma-fiscalia-15-asesinados-entre-ellos-dos-mujeres-en-san-mateo","status":"publish","type":"post","link":"https:\/\/zonaroja.com.mx\/?p=14113","title":{"rendered":"Confirma Fiscal\u00eda 15 asesinados, entre ellos dos mujeres, en San Mateo"},"content":{"rendered":"\n<p>Redacci\u00f3n\/Zona\nRoja.<\/p>\n\n\n\n<p>Oaxaca de\nJu\u00e1rez, Oax., 22 de junio de 2020.- La Fiscal\u00eda General del Estado de Oaxaca\n(FGEO), confirm\u00f3 el asesinato de 15 personas, entre ellas dos mujeres,\nperpetradas en el transcurso del 21 de junio y la madrugada del 22 de junio, en\nla agencia municipal de Huazantl\u00e1n del R\u00edo, jurisdicci\u00f3n de San Mateo del Mar.<\/p>\n\n\n\n<p>En un\ncomunicado, detall\u00f3 que las v\u00edctimas presentan contusiones y quemaduras\nparciales. Peritos m\u00e9dicos de la Fiscal\u00eda General en las pr\u00f3ximas horas\nrealizar\u00e1n las necropsias correspondientes que diluciden las causas de las\nmuertes.<\/p>\n\n\n\n<p>Expuso\nque que tras las primeras investigaciones realizadas, se ha logrado establecer\nhasta el momento la identidad de cuatro cuerpos masculinos, identificados como\nA. R. O., M. A. R. G., O. M. R. V., y R. A. M., as\u00ed como de una mujer\nidentificada como A. H. V. En tanto, se trabaja para determinar la\nidentificaci\u00f3n de los cuerpos restantes.<\/p>\n\n\n\n<p>Asimismo,\nse reporta a un joven identificado como R. D. A. G., quien fue canalizado al\nHospital Regional de Salina Cruz.<\/p>\n\n\n\n<p>Agreg\u00f3\nque dio inicio a la Carpeta de Investigaci\u00f3n 19265\/FIST\/SALINA\/2020 por el\ndelito de homicidio calificado.<\/p>\n\n\n\n<p>Dijo que\nde manera coordinada con autoridades de los tres \u00f3rdenes de gobierno, as\u00ed como\nde corporaciones de seguridad p\u00fablica federal y estatal, la Fiscal\u00eda General \u2013a\ntrav\u00e9s de la Vicefiscal\u00eda Regional del Istmo- se traslad\u00f3 al lugar representada\npor el Vicefiscal Regional, el Fiscal de Alto Impacto del Istmo, 40 agentes\nestatales de investigaci\u00f3n y tres m\u00e9dicos, as\u00ed como 80 elementos de la Polic\u00eda\nEstatal y 39 integrantes de la Guardia Nacional.<\/p>\n\n\n\n<p>ATIENDE\nGOBIERNO<\/p>\n\n\n\n<p>Por su\nparte,el Gobierno del Estado inform\u00f3 que a trav\u00e9s de la Secretar\u00eda General de\nGobierno (Segego) y la Secretar\u00eda de Seguridad P\u00fablica de Oaxaca (SSPO);\ncoordina con la Secretar\u00eda de Gobernaci\u00f3n (SEGOB), la Fiscal\u00eda General del\nEstado de Oaxaca (FGEO) y la Guardia Nacional (GN), el plan de atenci\u00f3n a la\nzona de San Mateo del Mar, en el Istmo de Tehuantepec.<\/p>\n\n\n\n<p>\u201cPor\nparte de la SSPO, el titular Ernesto Salcedo Rosales, encabeza el despliegue\ndisuasivo, con el objetivo de brindar seguridad y de coadyuvar en el \u00e1mbito de\nsus atribuciones y responsabilidades, en las diligencias correspondientes\u201d.<\/p>\n\n\n\n<p>Salcedo\nRosales destac\u00f3 que la encomienda del Gobernador del Estado, Alejandro Murat\nHinojosa, es la de garantizar la seguridad en la zona, privilegiando el di\u00e1logo\ny el pleno respeto a los derechos humanos de la poblaci\u00f3n, por lo que se\nmantendr\u00e1 la presencia institucional y se redoblar\u00e1n los operativos en esa\nzona.<\/p>\n","protected":false},"excerpt":{"rendered":"<p>Redacci\u00f3n\/Zona Roja. Oaxaca de Ju\u00e1rez, Oax., 22 de junio de 2020.- La Fiscal\u00eda General del&hellip;<\/p>\n","protected":false},"author":2,"featured_media":14114,"comment_status":"closed","ping_status":"open","sticky":false,"template":"","format":"standard","meta":{"_lmt_disableupdate":"","_lmt_disable":"","_jetpack_memberships_contains_paid_content":false,"footnotes":""},"categories":[109,51],"tags":[1656,605],"class_list":["post-14113","post","type-post","status-publish","format-standard","has-post-thumbnail","hentry","category-minuto-a-minuto","category-zona-roja","tag-huazantlan-del-rio","tag-san-mateo-del-mar"],"jetpack_featured_media_url":"https:\/\/zonaroja.com.mx\/wp-content\/uploads\/2020\/06\/Masacrados-San-Mateo-del-Mar-2.jpg","jetpack_sharing_enabled":true,"_links":{"self":[{"href":"https:\/\/zonaroja.com.mx\/index.php?rest_route=\/wp\/v2\/posts\/14113","targetHints":{"allow":["GET"]}}],"collection":[{"href":"https:\/\/zonaroja.com.mx\/index.php?rest_route=\/wp\/v2\/posts"}],"about":[{"href":"https:\/\/zonaroja.com.mx\/index.php?rest_route=\/wp\/v2\/types\/post"}],"author":[{"embeddable":true,"href":"https:\/\/zonaroja.com.mx\/index.php?rest_route=\/wp\/v2\/users\/2"}],"replies":[{"embeddable":true,"href":"https:\/\/zonaroja.com.mx\/index.php?rest_route=%2Fwp%2Fv2%2Fcomments&post=14113"}],"version-history":[{"count":1,"href":"https:\/\/zonaroja.com.mx\/index.php?rest_route=\/wp\/v2\/posts\/14113\/revisions"}],"predecessor-version":[{"id":14115,"href":"https:\/\/zonaroja.com.mx\/index.php?rest_route=\/wp\/v2\/posts\/14113\/revisions\/14115"}],"wp:featuredmedia":[{"embeddable":true,"href":"https:\/\/zonaroja.com.mx\/index.php?rest_route=\/wp\/v2\/media\/14114"}],"wp:attachment":[{"href":"https:\/\/zonaroja.com.mx\/index.php?rest_route=%2Fwp%2Fv2%2Fmedia&parent=14113"}],"wp:term":[{"taxonomy":"category","embeddable":true,"href":"https:\/\/zonaroja.com.mx\/index.php?rest_route=%2Fwp%2Fv2%2Fcategories&post=14113"},{"taxonomy":"post_tag","embeddable":true,"href":"https:\/\/zonaroja.com.mx\/index.php?rest_route=%2Fwp%2Fv2%2Ftags&post=14113"}],"curies":[{"name":"wp","href":"https:\/\/api.w.org\/{rel}","templated":true}]}}