{"id":14116,"date":"2020-06-22T20:33:39","date_gmt":"2020-06-23T01:33:39","guid":{"rendered":"http:\/\/www.zonaroja.com.mx\/?p=14116"},"modified":"2020-06-22T20:33:43","modified_gmt":"2020-06-23T01:33:43","slug":"van-tres-mercados-que-cierran-por-contagios-de-covid-en-oaxaca","status":"publish","type":"post","link":"https:\/\/zonaroja.com.mx\/?p=14116","title":{"rendered":"Van tres mercados que cierran por contagios de Covid en Oaxaca"},"content":{"rendered":"\n<p>Evlin\nArag\u00f3n\/Zona Roja.<\/p>\n\n\n\n<p>Oaxaca de\nJu\u00e1rez, Oax., 22 de junio de 2020.- Al cierre del Mercado de Abasto por una\nsemana y peri\u00f3dicamente por un d\u00eda, as\u00ed como por dos semanas el de \u201cLa Merced\u201d,\nen la ciudad de Oaxaca, se uni\u00f3 otro centro comercial popular en la periferia\noriente de la capital.<\/p>\n\n\n\n<p>Se trata\ndel mercado \u201cV\u00edctor Bravo Ah\u00faja\u201d, de la colonia del mismo nombre, en Santa\nLuc\u00eda del Camino, en la colindancia con la ciudad de Oaxaca, que determin\u00f3\ncerrar sus puertas debido a casos de Covid-19.<\/p>\n\n\n\n<p>En tanto,\nen el mercado \u00ab20 de Noviembre\u00bb del Centro Hist\u00f3rico de la capital,\nse hab\u00eda denunciado una persona fallecida por coronavirus, en el pasillo de\ncarnes asadas.<\/p>\n\n\n\n<p>Sin\nembargo, este hecho fue negado hoy en conferencia de prensa, en donde\naseguraron que s\u00ed falleci\u00f3 un ex trabajador de carnes asadas \u201cJuquilita\u201d de\nnombre Jes\u00fas Fernando Cruz Garc\u00eda, sin embargo, fue debido a un paro cardiaco y\nno al virus que mantiene a buena parte del mundo en contingencia sanitaria.<\/p>\n\n\n\n<p>Como\nprueba de lo anterior mostraron el acta de defunci\u00f3n de la persona en cuesti\u00f3n,\nas\u00ed como los resultados negativos de las pruebas de Covid-19 que se les\nrealizaron a las personas que convivieron con el occiso. <\/p>\n\n\n\n<p>\u201cCon\npapel en mano y de frente como tienen que ser las cuestiones lo estamos\nhaciendo p\u00fablico, si existiera alg\u00fan tipo de riesgo tambi\u00e9n lo dir\u00edamos, por\nnuestra seguridad y la de la clientela\u201d, aseguraron.<\/p>\n\n\n\n<p>Explicaron\nque al momento de fallecer esta persona fueron extorsionados por sus familiares\n\u2013hermana y sobrino- quienes pidieron una cantidad de dinero a cambio de que no\npublicaran un acta de defunci\u00f3n que viene por muerte natural, pero advirtieron\nde contar con una prueba de Covid-19 positiva.&nbsp;\n<\/p>\n\n\n\n<p>Por lo\nanterior actuaron de forma responsable y con presupuesto propio realizaron la\nsanitizaci\u00f3n del todo el mercado, a la par que se hicieron las pruebas a las\ndos mujeres que convivieron de forma directa con el occiso, descartando alg\u00fan\ntipo de contagio y riesgo para comerciantes y clientes.<\/p>\n\n\n\n<p>As\u00ed mismo\nse hizo una reuni\u00f3n en el \u00e1rea de carnes asadas donde se inform\u00f3 la situaci\u00f3n y\nse tom\u00f3 la decisi\u00f3n de continuar con las puertas abiertas debido a la crisis\necon\u00f3mica derivada de la pandemia, ello con la seguridad de que no exista\nriesgo de contagio en el mercado.<\/p>\n\n\n\n<p>Reprocharon\nque por medio de una nota en un portal de noticias se dieran a conocer los\nhechos, sin siquiera averiguar los detalles, \u00fanicamente generando p\u00e1nico en la\npoblaci\u00f3n y poniendo en riesgo \u2013todav\u00eda mayor- la econom\u00eda de quienes\nsobreviven con la venta de sus productos en este espacio comercial.<\/p>\n\n\n\n<p>El\nMercado de Abasto es el que registra el mayor n\u00famero de personas contagiadas,\nas\u00ed como con decesos; sin embargo, hasta ahora las autoridades del sector salud\nhan ocultado los datos.<\/p>\n","protected":false},"excerpt":{"rendered":"<p>Evlin Arag\u00f3n\/Zona Roja. Oaxaca de Ju\u00e1rez, Oax., 22 de junio de 2020.- Al cierre del&hellip;<\/p>\n","protected":false},"author":2,"featured_media":14117,"comment_status":"closed","ping_status":"open","sticky":false,"template":"","format":"standard","meta":{"_lmt_disableupdate":"","_lmt_disable":"","_jetpack_memberships_contains_paid_content":false,"footnotes":""},"categories":[109,47],"tags":[1512],"class_list":["post-14116","post","type-post","status-publish","format-standard","has-post-thumbnail","hentry","category-minuto-a-minuto","category-zona-gris","tag-coronavirus-oaxaca"],"jetpack_featured_media_url":"https:\/\/zonaroja.com.mx\/wp-content\/uploads\/2020\/06\/Mercado-Bravo-Ah\u00faja.jpg","jetpack_sharing_enabled":true,"_links":{"self":[{"href":"https:\/\/zonaroja.com.mx\/index.php?rest_route=\/wp\/v2\/posts\/14116","targetHints":{"allow":["GET"]}}],"collection":[{"href":"https:\/\/zonaroja.com.mx\/index.php?rest_route=\/wp\/v2\/posts"}],"about":[{"href":"https:\/\/zonaroja.com.mx\/index.php?rest_route=\/wp\/v2\/types\/post"}],"author":[{"embeddable":true,"href":"https:\/\/zonaroja.com.mx\/index.php?rest_route=\/wp\/v2\/users\/2"}],"replies":[{"embeddable":true,"href":"https:\/\/zonaroja.com.mx\/index.php?rest_route=%2Fwp%2Fv2%2Fcomments&post=14116"}],"version-history":[{"count":1,"href":"https:\/\/zonaroja.com.mx\/index.php?rest_route=\/wp\/v2\/posts\/14116\/revisions"}],"predecessor-version":[{"id":14118,"href":"https:\/\/zonaroja.com.mx\/index.php?rest_route=\/wp\/v2\/posts\/14116\/revisions\/14118"}],"wp:featuredmedia":[{"embeddable":true,"href":"https:\/\/zonaroja.com.mx\/index.php?rest_route=\/wp\/v2\/media\/14117"}],"wp:attachment":[{"href":"https:\/\/zonaroja.com.mx\/index.php?rest_route=%2Fwp%2Fv2%2Fmedia&parent=14116"}],"wp:term":[{"taxonomy":"category","embeddable":true,"href":"https:\/\/zonaroja.com.mx\/index.php?rest_route=%2Fwp%2Fv2%2Fcategories&post=14116"},{"taxonomy":"post_tag","embeddable":true,"href":"https:\/\/zonaroja.com.mx\/index.php?rest_route=%2Fwp%2Fv2%2Ftags&post=14116"}],"curies":[{"name":"wp","href":"https:\/\/api.w.org\/{rel}","templated":true}]}}