{"id":14119,"date":"2020-06-22T20:55:37","date_gmt":"2020-06-23T01:55:37","guid":{"rendered":"http:\/\/www.zonaroja.com.mx\/?p=14119"},"modified":"2020-06-22T20:55:39","modified_gmt":"2020-06-23T01:55:39","slug":"oaxaca-feminicida-protestan-mujeres-en-redes-sociales","status":"publish","type":"post","link":"https:\/\/zonaroja.com.mx\/?p=14119","title":{"rendered":"\u201cOaxaca feminicida\u201d, protestan mujeres en redes sociales"},"content":{"rendered":"\n<p>Evlin\nArag\u00f3n\/Zona Roja.<\/p>\n\n\n\n<p>Oaxaca de\nJu\u00e1rez, Oax., 22 de junio de 2020.- Diversos colectivos feministas y personas\nde manera individual se unieron este lunes al \u201ctuitazo\u201d en redes sociales con\nlas etiquetas #OaxacaEstadoFeminicida y #OaxacaDeLasMujeres, con los que\nevidenciaron la falta de pol\u00edticas p\u00fablicas contundentes para la reducir los\nfeminicidios y las agresiones contra las mujeres, en un estado que cuenta con\nAlerta de Violencia de G\u00e9nero en 40 de sus municipios.<\/p>\n\n\n\n<p>\u201cCada\nmujer y ni\u00f1a asesinada en Oaxaca han sido v\u00edctimas de la violencia feminicida\nque crece, se extiende y arrasa con nuestras vidas. Ac\u00e1 estamos, desde la\nperiferia, reclamando y diciendo que, a cada una de ellas, el Estado le fall\u00f3\u201d,\nrefiere el colectivo Mujeres de la Sal, del Istmo de Tehuantepec.<\/p>\n\n\n\n<p>\u201cTan s\u00f3lo en 2020 se han registrado m\u00e1s de 120 desapariciones de mujeres. Desde inicio el gobierno de @alejandromurat se han registrado m\u00e1s de 800 desaparecidas en #OaxacaEstadoFeminicida. \u00bfD\u00f3nde est\u00e1n @FISCALIA_GobOax? #NiUnaMenos\u201d public\u00f3 el colectivo Yo Podr\u00eda ser tu Hija.<\/p>\n\n\n\n<figure class=\"wp-block-image\"><img decoding=\"async\" width=\"787\" height=\"1024\" src=\"http:\/\/www.zonaroja.com.mx\/wp-content\/uploads\/2020\/06\/Feminicidios-Oaxaca-2-787x1024.jpg\" alt=\"\" class=\"wp-image-14121\" srcset=\"https:\/\/zonaroja.com.mx\/wp-content\/uploads\/2020\/06\/Feminicidios-Oaxaca-2-787x1024.jpg 787w, https:\/\/zonaroja.com.mx\/wp-content\/uploads\/2020\/06\/Feminicidios-Oaxaca-2-231x300.jpg 231w, https:\/\/zonaroja.com.mx\/wp-content\/uploads\/2020\/06\/Feminicidios-Oaxaca-2-768x999.jpg 768w, https:\/\/zonaroja.com.mx\/wp-content\/uploads\/2020\/06\/Feminicidios-Oaxaca-2-585x761.jpg 585w, https:\/\/zonaroja.com.mx\/wp-content\/uploads\/2020\/06\/Feminicidios-Oaxaca-2.jpg 984w\" sizes=\"(max-width: 787px) 100vw, 787px\" \/><\/figure>\n\n\n\n<p>\u201cLas\nalertas de g\u00e9nero en todos los estados de la rep\u00fablica han sido una simulaci\u00f3n,\nno sirven para nada, los feminicidios siguen al alza. \u00bfQu\u00e9 hacen con ese\npresupuesto que se supone debe destinarse en garantizar la seguridad de las\nmujeres?, cuestion\u00f3 el colectivo Las Brujas del Mar, desde Veracruz.<\/p>\n\n\n\n<p>Al\nllamado de este lunes respondieron decenas de colectivo locales y a nivel\nnacional, as\u00ed como mujeres a t\u00edtulo personal que se pronunciaron por un alto a\nla violencia feminicida que lacera a la sociedad oaxaque\u00f1a, de forma espec\u00edfica\na sus ni\u00f1as, j\u00f3venes y mujeres.<\/p>\n\n\n\n<p>Previo a ello, en diferentes regiones de la entidad instalaron lonas en espacios p\u00fablicos para denunciar el aumento de la violencia feminicida en Oaxaca.<\/p>\n\n\n\n<figure class=\"wp-block-image\"><img decoding=\"async\" width=\"1024\" height=\"768\" src=\"http:\/\/www.zonaroja.com.mx\/wp-content\/uploads\/2020\/06\/Tuitazo-feministas-1-1024x768.jpg\" alt=\"\" class=\"wp-image-14122\" srcset=\"https:\/\/zonaroja.com.mx\/wp-content\/uploads\/2020\/06\/Tuitazo-feministas-1-1024x768.jpg 1024w, https:\/\/zonaroja.com.mx\/wp-content\/uploads\/2020\/06\/Tuitazo-feministas-1-300x225.jpg 300w, https:\/\/zonaroja.com.mx\/wp-content\/uploads\/2020\/06\/Tuitazo-feministas-1-768x576.jpg 768w, https:\/\/zonaroja.com.mx\/wp-content\/uploads\/2020\/06\/Tuitazo-feministas-1-1170x878.jpg 1170w, https:\/\/zonaroja.com.mx\/wp-content\/uploads\/2020\/06\/Tuitazo-feministas-1-585x439.jpg 585w, https:\/\/zonaroja.com.mx\/wp-content\/uploads\/2020\/06\/Tuitazo-feministas-1.jpg 1280w\" sizes=\"(max-width: 1024px) 100vw, 1024px\" \/><\/figure>\n\n\n\n<p>Desde la\nsemana pasada, colectivos en la regi\u00f3n de la Cuenca salieron a las calles a\npesar de la contingencia sanitaria para exigir justicia para F\u00e1tima, Casandra e\nItzel, j\u00f3venes desaparecidas en Tuxtepec y cuyos cuerpos fueron localizados en\nfosas clandestinas de la zona, al menos de dos de ellas. <\/p>\n\n\n\n<p>Las\ncifras de desapariciones y asesinatos en la regi\u00f3n representan un foco rojo,\nsituaci\u00f3n similar a la que sucede en el Istmo que durante los primeros meses de\neste 2020 se ha convertido en la regi\u00f3n m\u00e1s peligrosa para las mujeres.<\/p>\n\n\n\n<p>De\nacuerdo con los datos de Consorcio Oaxaca, en lo que va de la administraci\u00f3n de\nAlejandro Murat Hinojosa, son 434 feminicidios los que se han registrado en los\nmedios de comunicaci\u00f3n, seguido de 808 mujeres desaparecidas que avalan la\ngravedad de la problem\u00e1tica que no ha sido tomada en cuenta por las\nautoridades.<\/p>\n","protected":false},"excerpt":{"rendered":"<p>Evlin Arag\u00f3n\/Zona Roja. Oaxaca de Ju\u00e1rez, Oax., 22 de junio de 2020.- Diversos colectivos feministas&hellip;<\/p>\n","protected":false},"author":2,"featured_media":14120,"comment_status":"closed","ping_status":"open","sticky":false,"template":"","format":"standard","meta":{"_lmt_disableupdate":"","_lmt_disable":"","_jetpack_memberships_contains_paid_content":false,"footnotes":""},"categories":[109,47],"tags":[610],"class_list":["post-14119","post","type-post","status-publish","format-standard","has-post-thumbnail","hentry","category-minuto-a-minuto","category-zona-gris","tag-feminicidios-oaxaca"],"jetpack_featured_media_url":"https:\/\/zonaroja.com.mx\/wp-content\/uploads\/2020\/06\/Feminicidios-Oaxaca-1.jpg","jetpack_sharing_enabled":true,"_links":{"self":[{"href":"https:\/\/zonaroja.com.mx\/index.php?rest_route=\/wp\/v2\/posts\/14119","targetHints":{"allow":["GET"]}}],"collection":[{"href":"https:\/\/zonaroja.com.mx\/index.php?rest_route=\/wp\/v2\/posts"}],"about":[{"href":"https:\/\/zonaroja.com.mx\/index.php?rest_route=\/wp\/v2\/types\/post"}],"author":[{"embeddable":true,"href":"https:\/\/zonaroja.com.mx\/index.php?rest_route=\/wp\/v2\/users\/2"}],"replies":[{"embeddable":true,"href":"https:\/\/zonaroja.com.mx\/index.php?rest_route=%2Fwp%2Fv2%2Fcomments&post=14119"}],"version-history":[{"count":1,"href":"https:\/\/zonaroja.com.mx\/index.php?rest_route=\/wp\/v2\/posts\/14119\/revisions"}],"predecessor-version":[{"id":14123,"href":"https:\/\/zonaroja.com.mx\/index.php?rest_route=\/wp\/v2\/posts\/14119\/revisions\/14123"}],"wp:featuredmedia":[{"embeddable":true,"href":"https:\/\/zonaroja.com.mx\/index.php?rest_route=\/wp\/v2\/media\/14120"}],"wp:attachment":[{"href":"https:\/\/zonaroja.com.mx\/index.php?rest_route=%2Fwp%2Fv2%2Fmedia&parent=14119"}],"wp:term":[{"taxonomy":"category","embeddable":true,"href":"https:\/\/zonaroja.com.mx\/index.php?rest_route=%2Fwp%2Fv2%2Fcategories&post=14119"},{"taxonomy":"post_tag","embeddable":true,"href":"https:\/\/zonaroja.com.mx\/index.php?rest_route=%2Fwp%2Fv2%2Ftags&post=14119"}],"curies":[{"name":"wp","href":"https:\/\/api.w.org\/{rel}","templated":true}]}}