{"id":14124,"date":"2020-06-22T21:47:14","date_gmt":"2020-06-23T02:47:14","guid":{"rendered":"http:\/\/www.zonaroja.com.mx\/?p=14124"},"modified":"2020-06-22T21:47:18","modified_gmt":"2020-06-23T02:47:18","slug":"registra-oaxaca-124-menores-de-edad-positivos-a-covid-nueve-han-muerto","status":"publish","type":"post","link":"https:\/\/zonaroja.com.mx\/?p=14124","title":{"rendered":"Registra Oaxaca 124 menores de edad positivos a Covid; nueve han muerto"},"content":{"rendered":"\n<p>Redacci\u00f3n\/Zona\nRoja.<\/p>\n\n\n\n<p>Oaxaca de\nJu\u00e1rez, Oax. 22 de junio de 2020.- Oaxaca acumul\u00f3 este lunes cuatro mil 140\ncasos positivos a Covid-19 y 474 fallecimientos; de ellos hay 124 menores\ncontagiados y nueve han perdido la vida.<\/p>\n\n\n\n<p>La\ndependencia Servicios de Salud de Oaxaca (SSO) inform\u00f3 que en las \u00faltimas 24\nhoras se han registrado 91 nuevos contagios, en 30 municipios; adem\u00e1s, 30\ndecesos.<\/p>\n\n\n\n<p>As\u00ed\ntambi\u00e9n, 824 pacientes est\u00e1n como sospechosos en espera de resultados por\nlaboratorio, tres mil 055 se han recuperado y 610 se encuentran activos.<\/p>\n\n\n\n<p>Refiri\u00f3\nque la Jurisdicci\u00f3n Sanitaria de Valles Centrales, reporta dos mil 862 casos\nconfirmados y 280 decesos; seguido de Tuxtepec con 519 y 94 fallecimientos; el\nIstmo con 256 y 41 muertes; la Mixteca con 244 y 29 defunciones; as\u00ed como la\nCosta con 161 y 18 perdidas fatales, y la Sierra (Norte) con 98, de los cuales\n13 son defunciones.<\/p>\n\n\n\n<p>Puntualiz\u00f3\nque los municipios m\u00e1s afectados son Oaxaca de Ju\u00e1rez, San Juan Bautista\nTuxtepec, Heroica Ciudad de Huajuapan de Le\u00f3n, Santa Luc\u00eda del Camino, entre\notros; y Santa Mar\u00eda Ipalapa se agrega a los ayuntamientos con pacientes\nconfirmados, con un caso.<\/p>\n\n\n\n<p>Por su parte, la infect\u00f3loga pediatra del Centro Ambulatorio para la Prevenci\u00f3n y Atenci\u00f3n del Sida e Infecciones de Transmisi\u00f3n Sexual (CAPASITS), Concepci\u00f3n Roci\u00f3 Arias Cruz, indic\u00f3 que al informe del 19 de junio, se tiene contabilizado en la entidad 124 positivos en infantes; de esta cifra, nueve son defunciones.<\/p>\n\n\n\n<figure class=\"wp-block-image\"><img decoding=\"async\" width=\"901\" height=\"506\" src=\"http:\/\/www.zonaroja.com.mx\/wp-content\/uploads\/2020\/06\/SSO-2-1-4.jpeg\" alt=\"\" class=\"wp-image-14126\" srcset=\"https:\/\/zonaroja.com.mx\/wp-content\/uploads\/2020\/06\/SSO-2-1-4.jpeg 901w, https:\/\/zonaroja.com.mx\/wp-content\/uploads\/2020\/06\/SSO-2-1-4-300x168.jpeg 300w, https:\/\/zonaroja.com.mx\/wp-content\/uploads\/2020\/06\/SSO-2-1-4-768x431.jpeg 768w, https:\/\/zonaroja.com.mx\/wp-content\/uploads\/2020\/06\/SSO-2-1-4-585x329.jpeg 585w\" sizes=\"(max-width: 901px) 100vw, 901px\" \/><\/figure>\n\n\n\n<p>Detall\u00f3\nque del total de confirmados en la poblaci\u00f3n pedi\u00e1trica, el 39% corresponden a\nmenores de cuatro a\u00f1os; el 18% pertenece al grupo de edad de cinco a nueve a\u00f1os\ne igual porcentaje a infantes de 10 a 14 a\u00f1os, as\u00ed como el 26% concierne a\nadolescentes de 16 a 19 a\u00f1os.<\/p>\n\n\n\n<p>Expres\u00f3\nque si bien se ha se\u00f1alado que los casos de COVID-19 en ni\u00f1as, ni\u00f1os y\nadolescentes est\u00e1n presentes al igual que en el resto de la poblaci\u00f3n, las\nevidencias hasta el momento muestran que la forma grave de la enfermedad no es\ntan frecuente en este sector.<\/p>\n\n\n\n<p>\u201cLa\nmayor\u00eda de los casos se presentan asintom\u00e1ticos; sin embargo, pueden transmitir\nla enfermedad a otras personas, a trav\u00e9s de las secreciones nasales emitidas\u201d.<\/p>\n\n\n\n<p>La\nexperta recomend\u00f3 a los padres de familia y tutores, estar al pendiente de los\nmenores de edad; en caso de presentar s\u00edntomas como fiebre, escurrimiento\nnasal, tos, fatiga, dolor muscular, conjuntivitis, diarrea, llamar a los\nn\u00fameros telef\u00f3nicos 800 770 8437, 951 516 8242 y el 951 516 12 20 o enviar un\nWhatsapp al 951 297 5741, en d\u00f3nde el personal de salud indicar\u00e1 a donde acudir\npara recibir atenci\u00f3n m\u00e9dica especializada o cursar la enfermedad en\naislamiento domiciliario.<\/p>\n","protected":false},"excerpt":{"rendered":"<p>Redacci\u00f3n\/Zona Roja. Oaxaca de Ju\u00e1rez, Oax. 22 de junio de 2020.- Oaxaca acumul\u00f3 este lunes&hellip;<\/p>\n","protected":false},"author":2,"featured_media":14125,"comment_status":"closed","ping_status":"open","sticky":false,"template":"","format":"standard","meta":{"_lmt_disableupdate":"","_lmt_disable":"","_jetpack_memberships_contains_paid_content":false,"footnotes":""},"categories":[109,47],"tags":[1512],"class_list":["post-14124","post","type-post","status-publish","format-standard","has-post-thumbnail","hentry","category-minuto-a-minuto","category-zona-gris","tag-coronavirus-oaxaca"],"jetpack_featured_media_url":"https:\/\/zonaroja.com.mx\/wp-content\/uploads\/2020\/06\/SSO-1-2-3.jpeg","jetpack_sharing_enabled":true,"_links":{"self":[{"href":"https:\/\/zonaroja.com.mx\/index.php?rest_route=\/wp\/v2\/posts\/14124","targetHints":{"allow":["GET"]}}],"collection":[{"href":"https:\/\/zonaroja.com.mx\/index.php?rest_route=\/wp\/v2\/posts"}],"about":[{"href":"https:\/\/zonaroja.com.mx\/index.php?rest_route=\/wp\/v2\/types\/post"}],"author":[{"embeddable":true,"href":"https:\/\/zonaroja.com.mx\/index.php?rest_route=\/wp\/v2\/users\/2"}],"replies":[{"embeddable":true,"href":"https:\/\/zonaroja.com.mx\/index.php?rest_route=%2Fwp%2Fv2%2Fcomments&post=14124"}],"version-history":[{"count":1,"href":"https:\/\/zonaroja.com.mx\/index.php?rest_route=\/wp\/v2\/posts\/14124\/revisions"}],"predecessor-version":[{"id":14127,"href":"https:\/\/zonaroja.com.mx\/index.php?rest_route=\/wp\/v2\/posts\/14124\/revisions\/14127"}],"wp:featuredmedia":[{"embeddable":true,"href":"https:\/\/zonaroja.com.mx\/index.php?rest_route=\/wp\/v2\/media\/14125"}],"wp:attachment":[{"href":"https:\/\/zonaroja.com.mx\/index.php?rest_route=%2Fwp%2Fv2%2Fmedia&parent=14124"}],"wp:term":[{"taxonomy":"category","embeddable":true,"href":"https:\/\/zonaroja.com.mx\/index.php?rest_route=%2Fwp%2Fv2%2Fcategories&post=14124"},{"taxonomy":"post_tag","embeddable":true,"href":"https:\/\/zonaroja.com.mx\/index.php?rest_route=%2Fwp%2Fv2%2Ftags&post=14124"}],"curies":[{"name":"wp","href":"https:\/\/api.w.org\/{rel}","templated":true}]}}