{"id":14128,"date":"2020-06-22T22:16:59","date_gmt":"2020-06-23T03:16:59","guid":{"rendered":"http:\/\/www.zonaroja.com.mx\/?p=14128"},"modified":"2020-06-22T22:17:03","modified_gmt":"2020-06-23T03:17:03","slug":"tenia-medidas-cautelares-dictadas-por-ddhpo-poblacion-de-san-mateo-del-mar","status":"publish","type":"post","link":"https:\/\/zonaroja.com.mx\/?p=14128","title":{"rendered":"Ten\u00eda medidas cautelares dictadas por DDHPO poblaci\u00f3n de San Mateo del Mar"},"content":{"rendered":"\n<p>Redacci\u00f3n\/Zona\nRoja.<\/p>\n\n\n\n<p>Oaxaca de\nJu\u00e1rez, Oax., 22 de junio de 2020.- Desde mayo pasado, tras los hechos\nviolentos que derivaron en la muerte de una persona, la Defensor\u00eda de los\nDerechos Humanos del Pueblo de Oaxaca (DDHPO) hab\u00edan solicitado medidas\ncautelares para los habitantes de San Mateo del Mar.<\/p>\n\n\n\n<p>Sin\nembargo, presuntamente la fuerza policiaca que debiera estar al pendiente para\nevitar conflictos y delitos, no actu\u00f3 a tiempo en los dos hechos ocurridos ayer\ny hoy en la madrugada, que derivaron en 15 personas calcinadas, torturadas,\nlapidadas y asesinadas.<\/p>\n\n\n\n<p>Las dos\nmujeres v\u00edctimas ser\u00edan quienes en mayo pasado vinieron a la capital de Oaxaca\npara denunciar hostigamientos y vejaciones, quejas que al parecer no fueron\natendidas.<\/p>\n\n\n\n<p>En un\ncomunicado, la DDHPO conden\u00f3 los hechos de \u201cviolencia extrema\u201d registrados la\nnoche de este domingo y madrugada del lunes en San Mateo del Mar.<\/p>\n\n\n\n<p>Asimismo,\nsolicit\u00f3 a&nbsp; las instancias de Seguridad\nP\u00fablica estatales y federales resguardar la zona y garantizar la vida e\nintegridad de la poblaci\u00f3n en general, as\u00ed como a todas las autoridades que han\nintervenido, realizar actuaciones eficaces para la atenci\u00f3n integral de la\nproblem\u00e1tica.<\/p>\n\n\n\n<p>Se\npronunci\u00f3 por efectuar una investigaci\u00f3n completa y oportuna que permita\nesclarecer los hechos y dar con los responsables, as\u00ed como efectuar acciones\nque pugnen por la reconstrucci\u00f3n del tejido social en la zona.<\/p>\n\n\n\n<p>\u201cLa\nsituaci\u00f3n de conflicto y violencia en San Mateo del Mar se agrav\u00f3 en mayo de\neste a\u00f1o, con un enfrentamiento registrado en Huazantl\u00e1n, en dicho momento la\nDDHPO emiti\u00f3 medidas cautelares para toda la poblaci\u00f3n, con el fin de evitar\nque se produjeran da\u00f1os de dif\u00edcil reparaci\u00f3n o la consumaci\u00f3n irreparable de\nviolaciones a derechos humanos en las personas que habitan ese municipio\u201d,\nexpuso.<\/p>\n\n\n\n<p>La\nDefensor\u00eda pidi\u00f3 a las autoridades estatales y federales garantizar el acceso a\nla justicia, atenci\u00f3n y reparaci\u00f3n integral del da\u00f1o, poniendo especial\natenci\u00f3n a las ni\u00f1as, ni\u00f1os y adolescentes v\u00edctimas directas, tras el homicidio\nde sus madres y padres, esto independientemente del avance de la carpeta de\ninvestigaci\u00f3n.<\/p>\n\n\n\n<p>Hizo un\nllamado para que a la par de las acciones de justicia y reparaci\u00f3n, se genere\nde manera inmediata una intervenci\u00f3n conforme a los criterios universalmente\nreconocidos de procesos de paz, que permita de manera definitiva la\nreconstrucci\u00f3n del tejido social.<\/p>\n","protected":false},"excerpt":{"rendered":"<p>Redacci\u00f3n\/Zona Roja. Oaxaca de Ju\u00e1rez, Oax., 22 de junio de 2020.- Desde mayo pasado, tras&hellip;<\/p>\n","protected":false},"author":2,"featured_media":14129,"comment_status":"closed","ping_status":"open","sticky":false,"template":"","format":"standard","meta":{"_lmt_disableupdate":"","_lmt_disable":"","_jetpack_memberships_contains_paid_content":false,"footnotes":""},"categories":[109,51],"tags":[605],"class_list":["post-14128","post","type-post","status-publish","format-standard","has-post-thumbnail","hentry","category-minuto-a-minuto","category-zona-roja","tag-san-mateo-del-mar"],"jetpack_featured_media_url":"https:\/\/zonaroja.com.mx\/wp-content\/uploads\/2020\/06\/Polic\u00eda-San-Mateo-del-Mar.jpg","jetpack_sharing_enabled":true,"_links":{"self":[{"href":"https:\/\/zonaroja.com.mx\/index.php?rest_route=\/wp\/v2\/posts\/14128","targetHints":{"allow":["GET"]}}],"collection":[{"href":"https:\/\/zonaroja.com.mx\/index.php?rest_route=\/wp\/v2\/posts"}],"about":[{"href":"https:\/\/zonaroja.com.mx\/index.php?rest_route=\/wp\/v2\/types\/post"}],"author":[{"embeddable":true,"href":"https:\/\/zonaroja.com.mx\/index.php?rest_route=\/wp\/v2\/users\/2"}],"replies":[{"embeddable":true,"href":"https:\/\/zonaroja.com.mx\/index.php?rest_route=%2Fwp%2Fv2%2Fcomments&post=14128"}],"version-history":[{"count":1,"href":"https:\/\/zonaroja.com.mx\/index.php?rest_route=\/wp\/v2\/posts\/14128\/revisions"}],"predecessor-version":[{"id":14130,"href":"https:\/\/zonaroja.com.mx\/index.php?rest_route=\/wp\/v2\/posts\/14128\/revisions\/14130"}],"wp:featuredmedia":[{"embeddable":true,"href":"https:\/\/zonaroja.com.mx\/index.php?rest_route=\/wp\/v2\/media\/14129"}],"wp:attachment":[{"href":"https:\/\/zonaroja.com.mx\/index.php?rest_route=%2Fwp%2Fv2%2Fmedia&parent=14128"}],"wp:term":[{"taxonomy":"category","embeddable":true,"href":"https:\/\/zonaroja.com.mx\/index.php?rest_route=%2Fwp%2Fv2%2Fcategories&post=14128"},{"taxonomy":"post_tag","embeddable":true,"href":"https:\/\/zonaroja.com.mx\/index.php?rest_route=%2Fwp%2Fv2%2Ftags&post=14128"}],"curies":[{"name":"wp","href":"https:\/\/api.w.org\/{rel}","templated":true}]}}