{"id":14133,"date":"2020-06-23T07:58:37","date_gmt":"2020-06-23T12:58:37","guid":{"rendered":"http:\/\/www.zonaroja.com.mx\/?p=14133"},"modified":"2020-06-23T07:58:39","modified_gmt":"2020-06-23T12:58:39","slug":"terminar-con-practicas-de-violencia-de-genero-en-servicio-publico-propone-diputada","status":"publish","type":"post","link":"https:\/\/zonaroja.com.mx\/?p=14133","title":{"rendered":"Terminar con pr\u00e1cticas de violencia de g\u00e9nero en servicio p\u00fablico propone diputada"},"content":{"rendered":"\n<p>Redacci\u00f3n\/Zona\nRoja.<\/p>\n\n\n\n<p>Oaxaca de\nJu\u00e1rez, Oax., 23 de junio de 2020.- Para romper con las pr\u00e1cticas de violencia\npor parte de las instituciones, principalmente hacia las mujeres, la diputada\nlocal Magaly L\u00f3pez, propuso reformar la Ley de Responsabilidades\nAdministrativas del Estado y municipios de Oaxaca.<\/p>\n\n\n\n<p>Ello con\nla finalidad de establecer que las y los servidores p\u00fablicos que sean\nsancionados por la comisi\u00f3n de faltas administrativas graves relacionadas con\ncualquier tipo de violencia en raz\u00f3n de g\u00e9nero contra las mujeres, deber\u00e1n\nsometerse a procesos psicoeducativos con miras a erradicar la violencia en\ncontra de las mujeres.<\/p>\n\n\n\n<p>Esta\niniciativa plantea tambi\u00e9n, como requisitos para ocupar los cargos de titular\nde las dependencias, direcciones, jefaturas de departamento y de oficina, que\nla persona no haya sido sancionada en la v\u00eda penal, administrativa o electoral\npor actos u omisiones que constituyan violencia en raz\u00f3n de g\u00e9nero contra las\nmujeres.<\/p>\n\n\n\n<p>Asimismo,\nse plantea como requisito que la persona no haya resultado responsable por\nviolaciones a los derechos humanos en algunas de las recomendaciones emitidas por\nalg\u00fan Organismo P\u00fablico de Derechos Humanos, particularmente aquellas\nviolaciones que atenten contra los derechos de las mujeres a vivir una vida\nlibre de violencia.<\/p>\n\n\n\n<p>Y que en\nel caso de que haya cesado la inhabilitaci\u00f3n decretada por la comisi\u00f3n de faltas\nadministrativas graves relacionadas con cualquier tipo de violencia en raz\u00f3n de\ng\u00e9nero contra las mujeres, la persona que dese ocupar un espacio en la\nadministraci\u00f3n p\u00fablica deber\u00e1 acreditar haber concluido el proceso\npsicoeducativo o de reeducaci\u00f3n para personas que ejercen violencia contra las\nmujeres.<\/p>\n\n\n\n<p>En tanto,\nel art\u00edculo 21 de la Ley Org\u00e1nica del Poder Ejecutivo, establece que, para ser\ntitular de una dependencia o entidad, de la administraci\u00f3n p\u00fablica estatal se\nrequiere, en caso de haber cesado la inhabilitaci\u00f3n decretada por la comisi\u00f3n\nde faltas administrativas graves relacionadas con cualquier tipo de violencia\nen raz\u00f3n de g\u00e9nero contra las mujeres, la persona deber\u00e1 acreditar haber\nconcluido el proceso psicoeducativo o de reeducaci\u00f3n para personas que ejercen\nviolencia contra las mujeres.<\/p>\n\n\n\n<p>La\npresente reforma establece tambi\u00e9n que, para ocupar un cargo p\u00fablico, es\nnecesario no haber sido sancionado o sancionada en la v\u00eda penal, administrativa\no electoral por actos u omisiones que constituyan violencia en raz\u00f3n de g\u00e9nero\ncontra las mujeres.<\/p>\n\n\n\n<p>Tambi\u00e9n,\nes importante no haber resultado responsable por violaciones a los derechos\nhumanos en algunas de las recomendaciones emitidas por alg\u00fan Organismo P\u00fablico\nde Derechos Humanos, particularmente aquellas violaciones que atenten contra\nlos derechos de las mujeres a vivir una vida libre de violencia.<\/p>\n","protected":false},"excerpt":{"rendered":"<p>Redacci\u00f3n\/Zona Roja. Oaxaca de Ju\u00e1rez, Oax., 23 de junio de 2020.- Para romper con las&hellip;<\/p>\n","protected":false},"author":2,"featured_media":4167,"comment_status":"closed","ping_status":"open","sticky":false,"template":"","format":"standard","meta":{"_lmt_disableupdate":"","_lmt_disable":"","_jetpack_memberships_contains_paid_content":false,"footnotes":""},"categories":[109,46],"tags":[192],"class_list":["post-14133","post","type-post","status-publish","format-standard","has-post-thumbnail","hentry","category-minuto-a-minuto","category-zona-blanca","tag-diputada-magaly-lopez-dominguez"],"jetpack_featured_media_url":"https:\/\/zonaroja.com.mx\/wp-content\/uploads\/2019\/09\/Magaly-L\u00f3pez-3.jpg","jetpack_sharing_enabled":true,"_links":{"self":[{"href":"https:\/\/zonaroja.com.mx\/index.php?rest_route=\/wp\/v2\/posts\/14133","targetHints":{"allow":["GET"]}}],"collection":[{"href":"https:\/\/zonaroja.com.mx\/index.php?rest_route=\/wp\/v2\/posts"}],"about":[{"href":"https:\/\/zonaroja.com.mx\/index.php?rest_route=\/wp\/v2\/types\/post"}],"author":[{"embeddable":true,"href":"https:\/\/zonaroja.com.mx\/index.php?rest_route=\/wp\/v2\/users\/2"}],"replies":[{"embeddable":true,"href":"https:\/\/zonaroja.com.mx\/index.php?rest_route=%2Fwp%2Fv2%2Fcomments&post=14133"}],"version-history":[{"count":1,"href":"https:\/\/zonaroja.com.mx\/index.php?rest_route=\/wp\/v2\/posts\/14133\/revisions"}],"predecessor-version":[{"id":14134,"href":"https:\/\/zonaroja.com.mx\/index.php?rest_route=\/wp\/v2\/posts\/14133\/revisions\/14134"}],"wp:featuredmedia":[{"embeddable":true,"href":"https:\/\/zonaroja.com.mx\/index.php?rest_route=\/wp\/v2\/media\/4167"}],"wp:attachment":[{"href":"https:\/\/zonaroja.com.mx\/index.php?rest_route=%2Fwp%2Fv2%2Fmedia&parent=14133"}],"wp:term":[{"taxonomy":"category","embeddable":true,"href":"https:\/\/zonaroja.com.mx\/index.php?rest_route=%2Fwp%2Fv2%2Fcategories&post=14133"},{"taxonomy":"post_tag","embeddable":true,"href":"https:\/\/zonaroja.com.mx\/index.php?rest_route=%2Fwp%2Fv2%2Ftags&post=14133"}],"curies":[{"name":"wp","href":"https:\/\/api.w.org\/{rel}","templated":true}]}}