{"id":14135,"date":"2020-06-23T08:07:37","date_gmt":"2020-06-23T13:07:37","guid":{"rendered":"http:\/\/www.zonaroja.com.mx\/?p=14135"},"modified":"2020-06-23T08:07:40","modified_gmt":"2020-06-23T13:07:40","slug":"concluyen-retiro-de-placas-con-nombres-de-ulises-ruiz-y-rito-salinas-en-congreso","status":"publish","type":"post","link":"https:\/\/zonaroja.com.mx\/?p=14135","title":{"rendered":"Concluyen retiro de placas con nombres de Ulises Ruiz y Rito Salinas en Congreso"},"content":{"rendered":"\n<p>Redacci\u00f3n\/Zona\nRoja.<\/p>\n\n\n\n<p>Oaxaca de\nJu\u00e1rez, Oax.&nbsp; 23 de junio de 2020.-&nbsp; En cumplimiento al acuerdo de los diputados\nque integran la 64 Legislatura del Congreso de Oaxaca, este lunes se retiraron\nlas dos&nbsp; placas conmemorativas instaladas\nen la sede legislativa, en las que aparecen los nombres del ex gobernador de\nOaxaca, Ulises Ruiz Ortiz y del ex presidente de la Gran Comisi\u00f3n del Congreso,\nBulmaro Rito Salinas.<\/p>\n\n\n\n<p>Lo\nanterior, ante la presunta&nbsp;\nresponsabilidad de ambos ex servidores p\u00fablicos por las graves\nviolaciones a los derechos fundamentales del pueblo oaxaque\u00f1o cometidos durante\nel movimiento social de los a\u00f1os 2006 y 2007, de acuerdo con el informe \u201cYa\nsabemos, No m\u00e1s impunidad en Oaxaca\u201d, emitido por la Comisi\u00f3n de la Verdad de\nOaxaca (CVO).<\/p>\n\n\n\n<p>El retiro\nde las dos placas conmemorativas, atiende a la reciente tendencia mundial de\neliminar monumentos y homenajes relacionados con procesos contrarios a los\nprincipios democr\u00e1ticos vigentes, caracterizados por los derechos humanos y la\nno discriminaci\u00f3n.<\/p>\n\n\n\n<p>El\nacuerdo aprobado por mayor\u00eda de los integrantes del pleno legislativo, en\nsesi\u00f3n extraordinaria del viernes 19, precisa&nbsp;\nque uno de los c\u00f3mplices del ex mandatario Ulises Ruiz en ese proceso,\nfue Bulmaro Rito Salinas, quien como presidente de la Gran Comisi\u00f3n del\nCongreso Local, aval\u00f3 la represi\u00f3n en contra del movimiento social. En general\nse contabilizaron 373 v\u00edctimas.<\/p>\n\n\n\n<p>La\niniciativa fue impulsada por el diputado Horacio Sosa Villavicencio, presidente\nde la Junta de Coordinaci\u00f3n Pol\u00edtica, quien argument\u00f3 que el hecho de que\npermanecieran los nombres de Ruiz Ortiz y Rito Salinas, en las instalaciones\ndel Poder Legislativo, es un insulto a la memoria hist\u00f3rica del pueblo y a las\npersonas que fueron asesinadas, desaparecidas, torturadas, as\u00ed como el pueblo\nagraviado.<\/p>\n\n\n\n<p>El\ninforme de la Comisi\u00f3n de la Verdad, asienta que durante el conflicto social\ndel 2006-2007, el Estado viol\u00f3 el principio de presunci\u00f3n de inocencia, al\ndebido proceso y garant\u00edas judiciales. Adem\u00e1s, de ejecutar detenciones\narbitrarias y tratos crueles, inhumanos y degradantes.<\/p>\n\n\n\n<p>Otras\nacciones fueron desapariciones forzadas, tortura y ejecuciones extrajudiciales,\nconsideradas como violaciones graves de derechos humanos.<\/p>\n","protected":false},"excerpt":{"rendered":"<p>Redacci\u00f3n\/Zona Roja. Oaxaca de Ju\u00e1rez, Oax.&nbsp; 23 de junio de 2020.-&nbsp; En cumplimiento al acuerdo&hellip;<\/p>\n","protected":false},"author":2,"featured_media":14136,"comment_status":"closed","ping_status":"open","sticky":false,"template":"","format":"standard","meta":{"_lmt_disableupdate":"","_lmt_disable":"","_jetpack_memberships_contains_paid_content":false,"footnotes":""},"categories":[109,46],"tags":[444],"class_list":["post-14135","post","type-post","status-publish","format-standard","has-post-thumbnail","hentry","category-minuto-a-minuto","category-zona-blanca","tag-horacio-sosa-villavicencio"],"jetpack_featured_media_url":"https:\/\/zonaroja.com.mx\/wp-content\/uploads\/2020\/06\/FOTO-2.2-Por-agravios-a-v\u00edctimas-del-2006-retiran-placas-con-nombres-de-URO-y-Bulmaro-Rito-en-el-Congreso.jpeg","jetpack_sharing_enabled":true,"_links":{"self":[{"href":"https:\/\/zonaroja.com.mx\/index.php?rest_route=\/wp\/v2\/posts\/14135","targetHints":{"allow":["GET"]}}],"collection":[{"href":"https:\/\/zonaroja.com.mx\/index.php?rest_route=\/wp\/v2\/posts"}],"about":[{"href":"https:\/\/zonaroja.com.mx\/index.php?rest_route=\/wp\/v2\/types\/post"}],"author":[{"embeddable":true,"href":"https:\/\/zonaroja.com.mx\/index.php?rest_route=\/wp\/v2\/users\/2"}],"replies":[{"embeddable":true,"href":"https:\/\/zonaroja.com.mx\/index.php?rest_route=%2Fwp%2Fv2%2Fcomments&post=14135"}],"version-history":[{"count":1,"href":"https:\/\/zonaroja.com.mx\/index.php?rest_route=\/wp\/v2\/posts\/14135\/revisions"}],"predecessor-version":[{"id":14137,"href":"https:\/\/zonaroja.com.mx\/index.php?rest_route=\/wp\/v2\/posts\/14135\/revisions\/14137"}],"wp:featuredmedia":[{"embeddable":true,"href":"https:\/\/zonaroja.com.mx\/index.php?rest_route=\/wp\/v2\/media\/14136"}],"wp:attachment":[{"href":"https:\/\/zonaroja.com.mx\/index.php?rest_route=%2Fwp%2Fv2%2Fmedia&parent=14135"}],"wp:term":[{"taxonomy":"category","embeddable":true,"href":"https:\/\/zonaroja.com.mx\/index.php?rest_route=%2Fwp%2Fv2%2Fcategories&post=14135"},{"taxonomy":"post_tag","embeddable":true,"href":"https:\/\/zonaroja.com.mx\/index.php?rest_route=%2Fwp%2Fv2%2Ftags&post=14135"}],"curies":[{"name":"wp","href":"https:\/\/api.w.org\/{rel}","templated":true}]}}