{"id":14144,"date":"2020-06-23T14:14:16","date_gmt":"2020-06-23T19:14:16","guid":{"rendered":"http:\/\/www.zonaroja.com.mx\/?p=14144"},"modified":"2020-06-23T14:27:56","modified_gmt":"2020-06-23T19:27:56","slug":"suman-dos-personas-fallecidas-a-causa-del-sismo-en-oaxaca","status":"publish","type":"post","link":"https:\/\/zonaroja.com.mx\/?p=14144","title":{"rendered":"Suman dos personas fallecidas a causa del sismo en Oaxaca"},"content":{"rendered":"\n<p>Redacci\u00f3n\/Zona\nRoja.<\/p>\n\n\n\n<p>Oaxaca de\nJu\u00e1rez, Oax., 23 de junio de 2020.- Ya son dos las personas que perdieron la\nvida a causa del sismo de magnitud 7.5 en la costa de Oaxaca, inform\u00f3 el Gobierno\ndel Estado.<\/p>\n\n\n\n<p>Es una\ndel sexo femenino de 22 a\u00f1os de edad, habitante de la comunidad de La\nCrucecita, Santa Mar\u00eda Huatulco, y otra del sexo masculino en la comunidad de\nSan Juan Ozolotepec, en la regi\u00f3n de la Sierra Sur, as\u00ed como personas\nlesionadas en diversos municipios de ambas regiones.<\/p>\n\n\n\n<p>En un comunicado, expuso que el Consejo de Evaluaci\u00f3n de Da\u00f1os se mantiene en sesi\u00f3n para seguir monitoreando las afectaciones.<\/p>\n\n\n\n<figure class=\"wp-block-embed-twitter wp-block-embed is-type-rich is-provider-twitter\"><div class=\"wp-block-embed__wrapper\">\n<div class=\"twitter-tweet\"><blockquote class=\"twitter-tweet\" data-lang=\"es\"><p lang=\"es\" dir=\"ltr\"><a href=\"https:\/\/twitter.com\/hashtag\/SismoOaxaca?src=hash&amp;ref_src=twsrc%5Etfw\">#SismoOaxaca<\/a><br>Los da\u00f1os graves a la infraestructura habr\u00edan ocurrido en la comunidad de <a href=\"https:\/\/twitter.com\/hashtag\/Xanaguia?src=hash&amp;ref_src=twsrc%5Etfw\">#Xanaguia<\/a>, San Juan <a href=\"https:\/\/twitter.com\/hashtag\/Ozolotepec?src=hash&amp;ref_src=twsrc%5Etfw\">#Ozolotepec<\/a>, municipio de la regi\u00f3n Sierra Sur de a <a href=\"https:\/\/twitter.com\/hashtag\/Oaxaca?src=hash&amp;ref_src=twsrc%5Etfw\">#Oaxaca<\/a>. El <a href=\"https:\/\/twitter.com\/GobOax?ref_src=twsrc%5Etfw\">@GobOax<\/a> no ha emitido informaci\u00f3n al respecto. <a href=\"https:\/\/t.co\/HeQmjKBecI\">pic.twitter.com\/HeQmjKBecI<\/a><\/p>&mdash; Zona Roja Oaxaca (@MexRoja) <a href=\"https:\/\/twitter.com\/MexRoja\/status\/1275487916353970176?ref_src=twsrc%5Etfw\">23 de junio de 2020<\/a><\/blockquote><\/div>\n<\/div><\/figure>\n\n\n\n<p>Al lugar\ndel epicentro del temblor, ya se encuentra el Secretario de Seguridad P\u00fablica\nde Oaxaca (SSPO), Ernesto Salcedo Rosales, para realizar recorridos de\nseguridad.<\/p>\n\n\n\n<p>Los\nServicios de Salud de Oaxaca (SSO) dieron a conocer que hasta el momento se\nreportan da\u00f1os en los hospitales generales de Pochutla, Puerto Escondido y\nPinotepa Nacional; as\u00ed como en los hospitales comunitarios de Santa Catarina\nJuquila, Santa Mar\u00eda Huatulco, R\u00edo Grande y Santos Reyes Nopala.<\/p>\n\n\n\n<p>En el\nCentro de Servicios Ampliados de Santa Mar\u00eda Huatulco, se cay\u00f3 la barda\nperimetral; en Santa Catarina Xanaguia, Agencia del municipio de San Juan\nOzolotepec, de la Sierra Sur, se desgaj\u00f3 el cerro y hay dos personas con\nlesiones de fractura expuesta, por lo que se han enviado dos ambulancias para\nesta localidad.<\/p>\n\n\n\n<p>De igual\nmanera, la unidad del IMSS en la comunidad Los Naranjos de la Costa, reporta\nda\u00f1os estructurales.<\/p>\n\n\n\n<p>Tambi\u00e9n\nse dio a conocer que el Hospital de Especialidades de Oaxaca fue desalojado y\nse est\u00e1 realizando evaluaci\u00f3n de da\u00f1os estructurales por parte de brigadas de\nla Coordinaci\u00f3n Estatal de Protecci\u00f3n Civil de Oaxaca (CEPCO).<\/p>\n","protected":false},"excerpt":{"rendered":"<p>Redacci\u00f3n\/Zona Roja. Oaxaca de Ju\u00e1rez, Oax., 23 de junio de 2020.- Ya son dos las&hellip;<\/p>\n","protected":false},"author":2,"featured_media":14145,"comment_status":"closed","ping_status":"open","sticky":false,"template":"","format":"standard","meta":{"_lmt_disableupdate":"","_lmt_disable":"","_jetpack_memberships_contains_paid_content":false,"footnotes":""},"categories":[109,47],"tags":[1782],"class_list":["post-14144","post","type-post","status-publish","format-standard","has-post-thumbnail","hentry","category-minuto-a-minuto","category-zona-gris","tag-sismo-oaxaca"],"jetpack_featured_media_url":"https:\/\/zonaroja.com.mx\/wp-content\/uploads\/2020\/06\/Afectaciones-San-Juan-Ozolotepec.jpg","jetpack_sharing_enabled":true,"_links":{"self":[{"href":"https:\/\/zonaroja.com.mx\/index.php?rest_route=\/wp\/v2\/posts\/14144","targetHints":{"allow":["GET"]}}],"collection":[{"href":"https:\/\/zonaroja.com.mx\/index.php?rest_route=\/wp\/v2\/posts"}],"about":[{"href":"https:\/\/zonaroja.com.mx\/index.php?rest_route=\/wp\/v2\/types\/post"}],"author":[{"embeddable":true,"href":"https:\/\/zonaroja.com.mx\/index.php?rest_route=\/wp\/v2\/users\/2"}],"replies":[{"embeddable":true,"href":"https:\/\/zonaroja.com.mx\/index.php?rest_route=%2Fwp%2Fv2%2Fcomments&post=14144"}],"version-history":[{"count":2,"href":"https:\/\/zonaroja.com.mx\/index.php?rest_route=\/wp\/v2\/posts\/14144\/revisions"}],"predecessor-version":[{"id":14147,"href":"https:\/\/zonaroja.com.mx\/index.php?rest_route=\/wp\/v2\/posts\/14144\/revisions\/14147"}],"wp:featuredmedia":[{"embeddable":true,"href":"https:\/\/zonaroja.com.mx\/index.php?rest_route=\/wp\/v2\/media\/14145"}],"wp:attachment":[{"href":"https:\/\/zonaroja.com.mx\/index.php?rest_route=%2Fwp%2Fv2%2Fmedia&parent=14144"}],"wp:term":[{"taxonomy":"category","embeddable":true,"href":"https:\/\/zonaroja.com.mx\/index.php?rest_route=%2Fwp%2Fv2%2Fcategories&post=14144"},{"taxonomy":"post_tag","embeddable":true,"href":"https:\/\/zonaroja.com.mx\/index.php?rest_route=%2Fwp%2Fv2%2Ftags&post=14144"}],"curies":[{"name":"wp","href":"https:\/\/api.w.org\/{rel}","templated":true}]}}