{"id":14150,"date":"2020-06-23T16:15:46","date_gmt":"2020-06-23T21:15:46","guid":{"rendered":"http:\/\/www.zonaroja.com.mx\/?p=14150"},"modified":"2020-06-23T16:15:50","modified_gmt":"2020-06-23T21:15:50","slug":"guerra-por-territorio-trasfondo-de-los-ataques-armados-en-san-mateo-del-mar","status":"publish","type":"post","link":"https:\/\/zonaroja.com.mx\/?p=14150","title":{"rendered":"Guerra por territorio, trasfondo de los ataques armados en San Mateo del Mar"},"content":{"rendered":"\n<p>Evlin\nArag\u00f3n\/Zona Roja.<\/p>\n\n\n\n<p>Oaxaca de\nJu\u00e1rez, Oax., 23 de junio de 2020.- \u201cEn San Mateo del Mar se vive una guerra en\ncontra del pueblo y su m\u00e1ximo \u00f3rgano de toma de decisiones\u201d refieren m\u00e1s de 100\norganizaciones de la sociedad civil y decenas de activistas en un comunicado de\nprensa en que respaldan al pueblo Ikoots.<\/p>\n\n\n\n<p>Lo\nanterior luego de la masacre registrada este fin de semana y que dej\u00f3 como\nsaldo 15 personas lapidadas, torturadas, asesinadas y calcinadas en la\ncomunidad de Huazantl\u00e1n del R\u00edo, a donde se trasladaron para realizar su\nasamblea comunitaria, este domingo 21 de junio.<\/p>\n\n\n\n<p>De\nacuerdo con las organizaciones y activistas firmantes, desde el 2012 se desat\u00f3\nesta guerra contra la asamblea de la cabecera y las agencias municipales,\npresidida por sus autoridades tradicionales c\u00edvico-religiosas en la figura del\nAlcalde \u00danico Constitucional, por lo que los hechos de este fin de semana no\nson aislados, sino parte de una guerra para impedir la autonom\u00eda del pueblo\nIkoots, que se ha opuesto a los megaproyectos.<\/p>\n\n\n\n<p>\u201cEsta\nguerra tiene un origen y un objetivo. El pueblo con dignidad se resiste a la\nenajenaci\u00f3n de su territorio ancestral. He ah\u00ed la raz\u00f3n por la que le hacen la\nguerra\u201d, refieren, al se\u00f1alar que la comunidad junto con San Dionisio del Mar y\nla Colonia \u00c1lvaro Obreg\u00f3n ha mantenido su oposici\u00f3n en m\u00e1s de una ocasi\u00f3n a\nproyectos e\u00f3licos en la zona del Istmo de Tehuantepec<\/p>\n\n\n\n<p>CULPAN A\nEDIL<\/p>\n\n\n\n<p>As\u00ed mismo,\ny con previo acompa\u00f1amiento en la zona, explicaron que los ataques son\nprovocados por el actual presidente municipal Bernardino Ponce Hinojosa, para\nno verse rebasado por la leg\u00edtima Asamblea del Pueblo, que ha sido ninguneada\nincluso por el Instituto Estatal Electoral y de Participaci\u00f3n Ciudadana\n(IEEPCO), que s\u00f3lo en teor\u00eda defiende los sistemas normativos internos.<\/p>\n\n\n\n<p>Y es que\npese a la violencia en los procesos electorales y la compra de votos, el IEEPCO\nha reconocido lo fraude en las dos \u00faltimas elecciones del 2017 y 2019 anulando\nla verdadera figura de toma de decisiones que recae en la Asamblea, generando\nun conflicto pol\u00edtico que hoy deja luto y dolor en toda la comunidad.<\/p>\n\n\n\n<p>\u201cDesde\nseptiembre del 2017, aval\u00f3 el IEEPCO, un primer fraude electoral, con los\nhechos violentos que se suscitaron\u2026 a pesar de ser testigos sus funcionarios de\nla compra de votos, el embarazo de urnas y la presi\u00f3n por hacer firmar actas\nelectorales ama\u00f1adas a quienes cumpl\u00edan su deber como escrutadores\u201d, menciona\nel comunicado.<\/p>\n\n\n\n<p>As\u00ed mismo\ncuestionan la falta de respuesta por parte de las autoridades estales y\nfederales ante los llamados de la poblaci\u00f3n desde el pasado mes de mayo, cuando\notros dos ataques armados dejaron una persona muerta, casa y veh\u00edculos\nincendiados y mujeres desplazadas.<\/p>\n\n\n\n<p>\u201cLas\nautoridades del Estado no acudieron al llamado de controlar la crisis en mayo,\nsolo supieron torpemente contactar a la presidencia municipal espuria, y no\ndesactiv\u00f3 su capacidad de uso de la fuerza contra el pueblo. La consecuencia\nfue el agravamiento de la crisis que ahora ya tiene muchos m\u00e1s muertos\u201d,\nsentenciaron.<\/p>\n\n\n\n<p>Por lo\nanterior y debido a la emergencia a consecuencia de los ataques armados, las\norganizaciones y activistas firmantes solicitaron el respeto y reconocimiento\nde la Asamblea del Pueblo de San Mateo de la Mar, como la instancia superior y\n\u00fanica en la toma de decisiones y elecci\u00f3n de cargos en concordancia con su\nsistema normativo interno, forma de gobierno y cultura.<\/p>\n\n\n\n<p>La\ndesaparici\u00f3n de poderes municipales y la expulsi\u00f3n de los paramilitares con\nm\u00e1scara de asesores y contratistas, para garantiza el desenvolvimiento libre de\nla Asamblea del Pueblo; garantizar elecciones libres y aut\u00f3nomas de acuerdo a\nla forma de gobierno tradicional ind\u00edgena; y la no intervenci\u00f3n del Instituto\nEstatal Electoral.<\/p>\n","protected":false},"excerpt":{"rendered":"<p>Evlin Arag\u00f3n\/Zona Roja. Oaxaca de Ju\u00e1rez, Oax., 23 de junio de 2020.- \u201cEn San Mateo&hellip;<\/p>\n","protected":false},"author":2,"featured_media":11884,"comment_status":"closed","ping_status":"open","sticky":false,"template":"","format":"standard","meta":{"_lmt_disableupdate":"","_lmt_disable":"","_jetpack_memberships_contains_paid_content":false,"footnotes":""},"categories":[109,51],"tags":[1656,605],"class_list":["post-14150","post","type-post","status-publish","format-standard","has-post-thumbnail","hentry","category-minuto-a-minuto","category-zona-roja","tag-huazantlan-del-rio","tag-san-mateo-del-mar"],"jetpack_featured_media_url":"https:\/\/zonaroja.com.mx\/wp-content\/uploads\/2020\/05\/San-Mateo-del-Mar-4.jpg","jetpack_sharing_enabled":true,"_links":{"self":[{"href":"https:\/\/zonaroja.com.mx\/index.php?rest_route=\/wp\/v2\/posts\/14150","targetHints":{"allow":["GET"]}}],"collection":[{"href":"https:\/\/zonaroja.com.mx\/index.php?rest_route=\/wp\/v2\/posts"}],"about":[{"href":"https:\/\/zonaroja.com.mx\/index.php?rest_route=\/wp\/v2\/types\/post"}],"author":[{"embeddable":true,"href":"https:\/\/zonaroja.com.mx\/index.php?rest_route=\/wp\/v2\/users\/2"}],"replies":[{"embeddable":true,"href":"https:\/\/zonaroja.com.mx\/index.php?rest_route=%2Fwp%2Fv2%2Fcomments&post=14150"}],"version-history":[{"count":1,"href":"https:\/\/zonaroja.com.mx\/index.php?rest_route=\/wp\/v2\/posts\/14150\/revisions"}],"predecessor-version":[{"id":14151,"href":"https:\/\/zonaroja.com.mx\/index.php?rest_route=\/wp\/v2\/posts\/14150\/revisions\/14151"}],"wp:featuredmedia":[{"embeddable":true,"href":"https:\/\/zonaroja.com.mx\/index.php?rest_route=\/wp\/v2\/media\/11884"}],"wp:attachment":[{"href":"https:\/\/zonaroja.com.mx\/index.php?rest_route=%2Fwp%2Fv2%2Fmedia&parent=14150"}],"wp:term":[{"taxonomy":"category","embeddable":true,"href":"https:\/\/zonaroja.com.mx\/index.php?rest_route=%2Fwp%2Fv2%2Fcategories&post=14150"},{"taxonomy":"post_tag","embeddable":true,"href":"https:\/\/zonaroja.com.mx\/index.php?rest_route=%2Fwp%2Fv2%2Ftags&post=14150"}],"curies":[{"name":"wp","href":"https:\/\/api.w.org\/{rel}","templated":true}]}}