{"id":14155,"date":"2020-06-23T19:02:44","date_gmt":"2020-06-24T00:02:44","guid":{"rendered":"http:\/\/www.zonaroja.com.mx\/?p=14155"},"modified":"2020-06-23T19:02:48","modified_gmt":"2020-06-24T00:02:48","slug":"no-hay-justicia-reclaman-familiares-de-mujeres-desaparecidas-a-fiscal","status":"publish","type":"post","link":"https:\/\/zonaroja.com.mx\/?p=14155","title":{"rendered":"\u201cNo hay justicia\u201d, reclaman familiares de mujeres desaparecidas a fiscal"},"content":{"rendered":"\n<p>Yuridiana\nSosa\/Zona Roja.<\/p>\n\n\n\n<p>San Juan\nBautista Tuxtepec, Oax., 23 de junio de 2020.- Familiares de las j\u00f3venes\ndesaparecidas en Tuxtepec encararon al fiscal general de Oaxaca, Rub\u00e9n\nVasconcelos M\u00e9ndez, para reclamarle la falta de justicia ante sus casos.<\/p>\n\n\n\n<p>Con\npancartas, en las que exigieron la acci\u00f3n de la Fiscal\u00eda General del Estado,\ntambi\u00e9n demandaron la atenci\u00f3n del gobernador Alejandro Murat Hinojosa, quien\nconsideraron tiene exclusi\u00f3n hacia la violencia que padecen las mujeres en la\nregi\u00f3n.<\/p>\n\n\n\n<p>\u201cNo hay\njusticia, el gobernador que se manifieste, no hemos visto si una palabra del\ngobernador\u201d, expresaron molestas las v\u00edctimas, quienes, adem\u00e1s, manifestaron\nsentirse discriminados por la justicia.<\/p>\n\n\n\n<p>Frente al\nfiscal, quien arrib\u00f3 a este municipio donde ofreci\u00f3 conferencia de prensa, le\nreclamaron: \u201cNo necesitamos ser extranjeros, ser g\u00fceros o de ojos azules para\nque nos hagan caso, somos oaxaque\u00f1os y seres humanos\u201d.<\/p>\n\n\n\n<p>Pues los dolidos con la desaparici\u00f3n de las j\u00f3venes notaron una diferencia en su caso con respecto al asesinato del joven Alexander M. G. en Acatl\u00e1n de P\u00e9rez Figueroa pues tambi\u00e9n ten\u00eda la nacionalidad de Estados Unidos y por cuyo caso hubo difusi\u00f3n nacional y en el extranjero.<\/p>\n\n\n\n<figure class=\"wp-block-embed-twitter wp-block-embed is-type-rich is-provider-twitter\"><div class=\"wp-block-embed__wrapper\">\n<div class=\"twitter-tweet\"><blockquote class=\"twitter-tweet\" data-lang=\"es\"><p lang=\"es\" dir=\"ltr\"><a href=\"https:\/\/twitter.com\/hashtag\/%C3%9AltimoMinuto?src=hash&amp;ref_src=twsrc%5Etfw\">#\u00daltimoMinuto<\/a> <br>En el pico m\u00e1s alto de la pandemia por Covid-19 y pese al sismo de magnitud 7.5 en Oaxaca, el titular de la <a href=\"https:\/\/twitter.com\/FISCALIA_GobOax?ref_src=twsrc%5Etfw\">@FISCALIA_GobOax<\/a>, <a href=\"https:\/\/twitter.com\/RVasconcelosM?ref_src=twsrc%5Etfw\">@RVasconcelosM<\/a>, acudi\u00f3 a dar una conferencia a Tuxtepec&#8230; pero s\u00f3lo recibi\u00f3 reclamos de familiares de mujeres desaparecidas. <a href=\"https:\/\/t.co\/eFCZCntjEe\">pic.twitter.com\/eFCZCntjEe<\/a><\/p>&mdash; Zona Roja Oaxaca (@MexRoja) <a href=\"https:\/\/twitter.com\/MexRoja\/status\/1275533162441895936?ref_src=twsrc%5Etfw\">23 de junio de 2020<\/a><\/blockquote><\/div>\n<\/div><\/figure>\n\n\n\n<p>Sin mayor\natenci\u00f3n, el fiscal prometi\u00f3 a las familias seguir trabajando en sus casos para\naplicar justicia, para despu\u00e9s retirarse.<\/p>\n\n\n\n<p>LOCALIZAN\n500 FRAGMENTOS <\/p>\n\n\n\n<p>En el\npredio de la comunidad de Zacate Colorado, Tuxtepec, donde se hall\u00f3 el cuerpo\nsin vida de una mujer, una motocicleta enterrada, tambi\u00e9n se localizaron\nalrededor de 500 fragmentos de restos \u00f3seas quemados, de los que no se tienen\nidentidad, se\u00f1al\u00f3 la Fiscal\u00eda General de Oaxaca.<\/p>\n\n\n\n<p>En\nconferencia de prensa para dar informes sobre el tema de las j\u00f3venes\ndesaparecidas, la Fiscal\u00eda General tropez\u00f3 en sus declaraciones y revel\u00f3 que\nuno de los cuerpos localizados se trataba de una mujer entre 20 y 30 a\u00f1os de\nedad.<\/p>\n\n\n\n<p>Aunque se\ntrataron de ocultar detalles durante el comienzo de la conferencia, en la que\ncentraron la atenci\u00f3n en decir que desconoc\u00edan las identidades, sexos o n\u00famero\nde cuerpos localizadas en las fosas el pasado 12 de junio, personal de\nServicios Periciales de la dependencia resbal\u00f3.<\/p>\n\n\n\n<p>Indic\u00f3\nque las investigaciones contin\u00faan y que no se tienen las identidades de los\nrestos localizados, los cuales se hab\u00edan relacionados con las tres v\u00edctimas de\ndesaparici\u00f3n en Tuxtepec, F\u00e1tima Palacios, Itzel Gonz\u00e1lez y Casandra Ram\u00edrez.<\/p>\n\n\n\n<p>Sin\nembargo, el funcionario, dio a conocer que el \u00fanico cuerpo completo que se\nlocaliz\u00f3 es del sexo femenino y por alguna de sus caracter\u00edsticas tendr\u00eda entre\n20 y 30 a\u00f1os de edad.<\/p>\n\n\n\n<p>Pero,\nadem\u00e1s, se hallaron 500 fragmentos m\u00e1s de huesos, ninguno completo, y en\nsometidos a altas temperaturas de hasta mil 200 grados en otro sitio para luego\nser enterrados en ese lugar.<\/p>\n\n\n\n<p>De esos\nrestos no se tiene conocimiento de sus identidades o de cu\u00e1ntos cuerpos se\ntrata, por lo que contin\u00faan las investigaciones al tiempo que sigue la b\u00fasqueda\ncon vida de las tres j\u00f3venes y el rastreo de otros objetivos posiblemente\ninvolucrados en estos hechos para descartar o confirmar si se trata de un grupo\norganizado dedicado a esos delitos.<\/p>\n","protected":false},"excerpt":{"rendered":"<p>Yuridiana Sosa\/Zona Roja. San Juan Bautista Tuxtepec, Oax., 23 de junio de 2020.- Familiares de&hellip;<\/p>\n","protected":false},"author":2,"featured_media":14156,"comment_status":"closed","ping_status":"open","sticky":false,"template":"","format":"standard","meta":{"_lmt_disableupdate":"","_lmt_disable":"","_jetpack_memberships_contains_paid_content":false,"footnotes":""},"categories":[109,47],"tags":[494,170],"class_list":["post-14155","post","type-post","status-publish","format-standard","has-post-thumbnail","hentry","category-minuto-a-minuto","category-zona-gris","tag-fiscalia-general-del-estado-de-oaxaca","tag-ruben-vasconcelos-mendez"],"jetpack_featured_media_url":"https:\/\/zonaroja.com.mx\/wp-content\/uploads\/2020\/06\/Fiscal-en-Tuxtepec.jpg","jetpack_sharing_enabled":true,"_links":{"self":[{"href":"https:\/\/zonaroja.com.mx\/index.php?rest_route=\/wp\/v2\/posts\/14155","targetHints":{"allow":["GET"]}}],"collection":[{"href":"https:\/\/zonaroja.com.mx\/index.php?rest_route=\/wp\/v2\/posts"}],"about":[{"href":"https:\/\/zonaroja.com.mx\/index.php?rest_route=\/wp\/v2\/types\/post"}],"author":[{"embeddable":true,"href":"https:\/\/zonaroja.com.mx\/index.php?rest_route=\/wp\/v2\/users\/2"}],"replies":[{"embeddable":true,"href":"https:\/\/zonaroja.com.mx\/index.php?rest_route=%2Fwp%2Fv2%2Fcomments&post=14155"}],"version-history":[{"count":1,"href":"https:\/\/zonaroja.com.mx\/index.php?rest_route=\/wp\/v2\/posts\/14155\/revisions"}],"predecessor-version":[{"id":14157,"href":"https:\/\/zonaroja.com.mx\/index.php?rest_route=\/wp\/v2\/posts\/14155\/revisions\/14157"}],"wp:featuredmedia":[{"embeddable":true,"href":"https:\/\/zonaroja.com.mx\/index.php?rest_route=\/wp\/v2\/media\/14156"}],"wp:attachment":[{"href":"https:\/\/zonaroja.com.mx\/index.php?rest_route=%2Fwp%2Fv2%2Fmedia&parent=14155"}],"wp:term":[{"taxonomy":"category","embeddable":true,"href":"https:\/\/zonaroja.com.mx\/index.php?rest_route=%2Fwp%2Fv2%2Fcategories&post=14155"},{"taxonomy":"post_tag","embeddable":true,"href":"https:\/\/zonaroja.com.mx\/index.php?rest_route=%2Fwp%2Fv2%2Ftags&post=14155"}],"curies":[{"name":"wp","href":"https:\/\/api.w.org\/{rel}","templated":true}]}}