{"id":14158,"date":"2020-06-23T20:28:40","date_gmt":"2020-06-24T01:28:40","guid":{"rendered":"http:\/\/www.zonaroja.com.mx\/?p=14158"},"modified":"2020-06-23T21:31:44","modified_gmt":"2020-06-24T02:31:44","slug":"pese-a-que-aun-no-hay-evaluacion-integral-gobierno-de-oaxaca-ya-busca-fonden","status":"publish","type":"post","link":"https:\/\/zonaroja.com.mx\/?p=14158","title":{"rendered":"Pese a que a\u00fan no hay evaluaci\u00f3n integral, gobierno de Oaxaca ya busca Fonden"},"content":{"rendered":"\n<p>Evlin\nArag\u00f3n\/Zona Roja.<\/p>\n\n\n\n<p>Oaxaca de Ju\u00e1rez, Oax., 23 de junio de 2020.- A menos de cinco horas de ocurrido el sismo de magnitud 7.5 y que hay localidades incomunicadas por derrumbes, el gobierno de Oaxaca estim\u00f3 que 50 municipios sufrieron da\u00f1os considerables en la entidad, por lo cual pedir\u00e1 recursos federales.<\/p>\n\n\n\n<p>En un\nmensaje y en comunicado, gobernador Alejandro Murat Hinojosa dijo que\nsolicitar\u00e1 la Declaratoria de Emergencia para estas localidades ante la\nCoordinaci\u00f3n Nacional de Protecci\u00f3n Civil, a cargo de David Le\u00f3n, con quien v\u00eda\ntelef\u00f3nica ya acord\u00f3 un trabajo en conjunto para atender las zonas afectadas.<\/p>\n\n\n\n<p>\u201cHe hecho\nla petici\u00f3n formal de Declaratoria de Emergencia en el estado de Oaxaca a ra\u00edz\ndel temblor que sufrimos el d\u00eda de hoy de 7.5. Quiero informar que estamos\nhaciendo el planteamiento para la declaratoria para alrededor de 50 municipios\ny me confirma David Le\u00f3n que el gobierno federal har\u00e1 todo lo posible para\nacompa\u00f1ar y atender las necesidades de los da\u00f1os materiales que han sufrido los\nmunicipios y las familias oaxaque\u00f1as\u201d, expuso.<\/p>\n\n\n\n<p>Previamente\nen entrevista, confirm\u00f3 que el saldo mortal hasta el momento es de cinco\npersonas fallecida, cuatro varones y una mujer, en las comunidades de La\nCrucecita, Huatulco, San Juan Ozolotepec. San Agust\u00edn Amatengo, Salina Cruz y\nSan Francisco Ozolotepec.<\/p>\n\n\n\n<p>\u201cLamentablemente\ncinco oaxaque\u00f1as y oaxaque\u00f1os han perdido la vida y las tareas m\u00e1s importantes\nque estamos realizando es en el municipio de San Juan Ozolotepec, en la agencia\nde Santa Catarina Xanag\u00eda, donde se eval\u00faa la situaci\u00f3n ante un alertamiento de\nda\u00f1os por derrumbe\u201d, dijo Murat Hinojosa.<\/p>\n\n\n\n<p>Debido a\nlas afectaciones que se registraron desde la ma\u00f1ana en los servicios de\nelectricidad y comunicaci\u00f3n, detall\u00f3 que ser\u00e1 por la noche de este martes que\nquedar\u00e1n rehabilitados al cien por ciento en la entidad.<\/p>\n\n\n\n<p>As\u00ed mismo\nante la preocupaci\u00f3n que ha causado la posible afectaci\u00f3n en hospitales, ante\nla contingencia sanitaria, el titular del ejecutivo estatal asegur\u00f3 que ning\u00fan\nhospital Covid-19 o de otras patolog\u00edas cuenta con da\u00f1os importantes y todos se\nencuentran trabajando de forma normal.<\/p>\n\n\n\n<p>Finalmente\nmanifest\u00f3 que las afectaciones en las carreteras 190 y 200 fueron atendidas en\ntiempo y forma, por lo que se espera en breve tener vialidades disponibles para\nel tr\u00e1nsito vehicular.<\/p>\n","protected":false},"excerpt":{"rendered":"<p>Evlin Arag\u00f3n\/Zona Roja. Oaxaca de Ju\u00e1rez, Oax., 23 de junio de 2020.- A menos de&hellip;<\/p>\n","protected":false},"author":2,"featured_media":14159,"comment_status":"closed","ping_status":"open","sticky":false,"template":"","format":"standard","meta":{"_lmt_disableupdate":"","_lmt_disable":"","_jetpack_memberships_contains_paid_content":false,"footnotes":""},"categories":[109,47],"tags":[1782],"class_list":["post-14158","post","type-post","status-publish","format-standard","has-post-thumbnail","hentry","category-minuto-a-minuto","category-zona-gris","tag-sismo-oaxaca"],"jetpack_featured_media_url":"https:\/\/zonaroja.com.mx\/wp-content\/uploads\/2020\/06\/Afectaciones-Ozolotepec-2.jpg","jetpack_sharing_enabled":true,"_links":{"self":[{"href":"https:\/\/zonaroja.com.mx\/index.php?rest_route=\/wp\/v2\/posts\/14158","targetHints":{"allow":["GET"]}}],"collection":[{"href":"https:\/\/zonaroja.com.mx\/index.php?rest_route=\/wp\/v2\/posts"}],"about":[{"href":"https:\/\/zonaroja.com.mx\/index.php?rest_route=\/wp\/v2\/types\/post"}],"author":[{"embeddable":true,"href":"https:\/\/zonaroja.com.mx\/index.php?rest_route=\/wp\/v2\/users\/2"}],"replies":[{"embeddable":true,"href":"https:\/\/zonaroja.com.mx\/index.php?rest_route=%2Fwp%2Fv2%2Fcomments&post=14158"}],"version-history":[{"count":2,"href":"https:\/\/zonaroja.com.mx\/index.php?rest_route=\/wp\/v2\/posts\/14158\/revisions"}],"predecessor-version":[{"id":14168,"href":"https:\/\/zonaroja.com.mx\/index.php?rest_route=\/wp\/v2\/posts\/14158\/revisions\/14168"}],"wp:featuredmedia":[{"embeddable":true,"href":"https:\/\/zonaroja.com.mx\/index.php?rest_route=\/wp\/v2\/media\/14159"}],"wp:attachment":[{"href":"https:\/\/zonaroja.com.mx\/index.php?rest_route=%2Fwp%2Fv2%2Fmedia&parent=14158"}],"wp:term":[{"taxonomy":"category","embeddable":true,"href":"https:\/\/zonaroja.com.mx\/index.php?rest_route=%2Fwp%2Fv2%2Fcategories&post=14158"},{"taxonomy":"post_tag","embeddable":true,"href":"https:\/\/zonaroja.com.mx\/index.php?rest_route=%2Fwp%2Fv2%2Ftags&post=14158"}],"curies":[{"name":"wp","href":"https:\/\/api.w.org\/{rel}","templated":true}]}}