{"id":14161,"date":"2020-06-23T21:15:30","date_gmt":"2020-06-24T02:15:30","guid":{"rendered":"http:\/\/www.zonaroja.com.mx\/?p=14161"},"modified":"2020-06-23T21:15:34","modified_gmt":"2020-06-24T02:15:34","slug":"confirma-pemex-incendio-y-un-muerto-en-refineria-de-salina-cruz","status":"publish","type":"post","link":"https:\/\/zonaroja.com.mx\/?p=14161","title":{"rendered":"Confirma Pemex incendio y un muerto en refiner\u00eda de Salina Cruz"},"content":{"rendered":"\n<p>Redacci\u00f3n\/Zona\nRoja.<\/p>\n\n\n\n<p>Oaxaca de\nJu\u00e1rez, Oax.- Petr\u00f3leos Mexicanos (Pemex) confirm\u00f3 un incendio y una persona\nfallecida en las instalaciones de la refiner\u00eda \u201cIng. Antonio Doval\u00ed Jaime\u201d de Salina\nCruz, Oaxaca, tras el sismo de magnitud 7.5.<\/p>\n\n\n\n<p>En un comunicado, expuso que el complejo petrolero fue puesto en paro seguro por la salida de operaci\u00f3n de los turbogeneradores el\u00e9ctricos y las calderas generadoras de vapor al presentar altas vibraciones; esto, como medida autom\u00e1tica de protecci\u00f3n.<\/p>\n\n\n\n<figure class=\"wp-block-embed-twitter wp-block-embed is-type-rich is-provider-twitter\"><div class=\"wp-block-embed__wrapper\">\n<div class=\"twitter-tweet\"><blockquote class=\"twitter-tweet\" data-lang=\"es\"><p lang=\"es\" dir=\"ltr\"><a href=\"https:\/\/twitter.com\/hashtag\/SismoOaxacq?src=hash&amp;ref_src=twsrc%5Etfw\">#SismoOaxacq<\/a> <br>Petr\u00f3leos Mexicanos (<a href=\"https:\/\/twitter.com\/Pemex?ref_src=twsrc%5Etfw\">@pemex<\/a>) confirm\u00f3 un conato de incendio y una persona fallecida en la refiner\u00eda de Salina Cruz, tras el sismo de este martes por la ma\u00f1ana. As\u00ed lo vivieron: <a href=\"https:\/\/t.co\/AwELbp6pKH\">pic.twitter.com\/AwELbp6pKH<\/a><\/p>&mdash; Zona Roja Oaxaca (@MexRoja) <a href=\"https:\/\/twitter.com\/MexRoja\/status\/1275611332096651264?ref_src=twsrc%5Etfw\">24 de junio de 2020<\/a><\/blockquote><\/div>\n<\/div><\/figure>\n\n\n\n<p>\u201cEsto\nconllev\u00f3 a que se presentara un conato de incendio en la planta de Alto Vac\u00edo\n2, el cual fue controlado y sofocado de forma oportuna y segura por el cuerpo\nde bomberos de la fefiner\u00eda\u201d, indic\u00f3.<\/p>\n\n\n\n<p>Asimismo,\nofreci\u00f3 sus condolencias a familiares y amigos del trabajador del \u00e1rea de Inspecci\u00f3n\nT\u00e9cnica de la refiner\u00eda, quien falleci\u00f3 en el Hospital General de Pemex en la\nzona, al ser trasladado para su atenci\u00f3n tras resultar lesionado luego de\nperder el equilibrio por el sismo y caer de una estructura alta.<\/p>\n\n\n\n<p>\u201cT\u00e9cnicos\ny especialistas de este centro de trabajo realizan los preparativos pertinentes\npara poner en operaci\u00f3n las plantas de proceso en cuanto las condiciones por\nestos fen\u00f3menos naturales lo permitan\u201d, expuso.<\/p>\n","protected":false},"excerpt":{"rendered":"<p>Redacci\u00f3n\/Zona Roja. Oaxaca de Ju\u00e1rez, Oax.- Petr\u00f3leos Mexicanos (Pemex) confirm\u00f3 un incendio y una persona&hellip;<\/p>\n","protected":false},"author":2,"featured_media":14162,"comment_status":"closed","ping_status":"open","sticky":false,"template":"","format":"standard","meta":{"_lmt_disableupdate":"","_lmt_disable":"","_jetpack_memberships_contains_paid_content":false,"footnotes":""},"categories":[109,47],"tags":[1782],"class_list":["post-14161","post","type-post","status-publish","format-standard","has-post-thumbnail","hentry","category-minuto-a-minuto","category-zona-gris","tag-sismo-oaxaca"],"jetpack_featured_media_url":"https:\/\/zonaroja.com.mx\/wp-content\/uploads\/2020\/06\/Pemex-sismo.jpg","jetpack_sharing_enabled":true,"_links":{"self":[{"href":"https:\/\/zonaroja.com.mx\/index.php?rest_route=\/wp\/v2\/posts\/14161","targetHints":{"allow":["GET"]}}],"collection":[{"href":"https:\/\/zonaroja.com.mx\/index.php?rest_route=\/wp\/v2\/posts"}],"about":[{"href":"https:\/\/zonaroja.com.mx\/index.php?rest_route=\/wp\/v2\/types\/post"}],"author":[{"embeddable":true,"href":"https:\/\/zonaroja.com.mx\/index.php?rest_route=\/wp\/v2\/users\/2"}],"replies":[{"embeddable":true,"href":"https:\/\/zonaroja.com.mx\/index.php?rest_route=%2Fwp%2Fv2%2Fcomments&post=14161"}],"version-history":[{"count":1,"href":"https:\/\/zonaroja.com.mx\/index.php?rest_route=\/wp\/v2\/posts\/14161\/revisions"}],"predecessor-version":[{"id":14163,"href":"https:\/\/zonaroja.com.mx\/index.php?rest_route=\/wp\/v2\/posts\/14161\/revisions\/14163"}],"wp:featuredmedia":[{"embeddable":true,"href":"https:\/\/zonaroja.com.mx\/index.php?rest_route=\/wp\/v2\/media\/14162"}],"wp:attachment":[{"href":"https:\/\/zonaroja.com.mx\/index.php?rest_route=%2Fwp%2Fv2%2Fmedia&parent=14161"}],"wp:term":[{"taxonomy":"category","embeddable":true,"href":"https:\/\/zonaroja.com.mx\/index.php?rest_route=%2Fwp%2Fv2%2Fcategories&post=14161"},{"taxonomy":"post_tag","embeddable":true,"href":"https:\/\/zonaroja.com.mx\/index.php?rest_route=%2Fwp%2Fv2%2Ftags&post=14161"}],"curies":[{"name":"wp","href":"https:\/\/api.w.org\/{rel}","templated":true}]}}