{"id":14169,"date":"2020-06-23T21:56:13","date_gmt":"2020-06-24T02:56:13","guid":{"rendered":"http:\/\/www.zonaroja.com.mx\/?p=14169"},"modified":"2020-06-23T21:57:29","modified_gmt":"2020-06-24T02:57:29","slug":"reportan-otras-dos-victimas-en-san-mateo-del-mar-suman-17-masacrados","status":"publish","type":"post","link":"https:\/\/zonaroja.com.mx\/?p=14169","title":{"rendered":"Reportan otras dos v\u00edctimas en San Mateo del Mar; suman 17 masacrados"},"content":{"rendered":"\n<p>Ismael\nGarc\u00eda M.\/Zona Roja.<\/p>\n\n\n\n<p>Oaxaca de\nJu\u00e1rez, Oax., 23 de junio de 2020.- Habitantes de Huazantl\u00e1n del R\u00edo, San Mateo\ndel Mar, informaron de la localizaci\u00f3n de dos cuerpos m\u00e1s en un cerro, por lo\nque la cifra de personas masacradas asciende a 17.<\/p>\n\n\n\n<p>Seg\u00fan\ndieron a conocer, las v\u00edctimas hu\u00edan por el monte cuando fueron alcanzadas por\nlas balas; en tanto, al menos otras 10 personas m\u00e1s se encuentran\ndesaparecidas.<\/p>\n\n\n\n<p>Informaron que de los dos \u00faltimos casos, la Fiscal\u00eda General del Estado no ha podido ingresar para realizar el levantamiento de los cuerpos, por lo que pidieron al gobierno de Oaxaca cumpla su compromiso de atenci\u00f3n puntual a los deudos, como se comprometi\u00f3.<\/p>\n\n\n\n<figure class=\"wp-block-embed-twitter wp-block-embed is-type-rich is-provider-twitter\"><div class=\"wp-block-embed__wrapper\">\n<div class=\"twitter-tweet\"><blockquote class=\"twitter-tweet\" data-lang=\"es\"><p lang=\"es\" dir=\"ltr\"><a href=\"https:\/\/twitter.com\/hashtag\/OaxacaGris?src=hash&amp;ref_src=twsrc%5Etfw\">#OaxacaGris<\/a><br>Pese a que el <a href=\"https:\/\/twitter.com\/GobOax?ref_src=twsrc%5Etfw\">@GobOax<\/a> que preside <a href=\"https:\/\/twitter.com\/alejandromurat?ref_src=twsrc%5Etfw\">@alejandromurat<\/a> ofreci\u00f3 todo el apoyo a las v\u00edctimas de la masacre en <a href=\"https:\/\/twitter.com\/hashtag\/Huazantl%C3%A1n?src=hash&amp;ref_src=twsrc%5Etfw\">#Huazantl\u00e1n<\/a>, San Mateo del Mar, hoy, a 48 horas de los hechos, familiares siguieron padeciendo la burocracia institucional. <a href=\"https:\/\/t.co\/hnyftBAvFl\">pic.twitter.com\/hnyftBAvFl<\/a><\/p>&mdash; Zona Roja Oaxaca (@MexRoja) <a href=\"https:\/\/twitter.com\/MexRoja\/status\/1275591439712313345?ref_src=twsrc%5Etfw\">24 de junio de 2020<\/a><\/blockquote><\/div>\n<\/div><\/figure>\n\n\n\n<p>Por la\nma\u00f1ana, los familiares acudieron a la funeraria \u201cSanta Cruz\u201d, ubicada en el Barrio\nNuevo Santa Cruz, del municipio de Salina Cruz, donde acudieron a recoger los\nrestos de los fallecidos.<\/p>\n\n\n\n<p>Sin embargo, lamentaron la burocracia por parte de la Fiscal\u00eda General del Estado para el proceso de entrega de cuerpos y el que no tenga un servicio forense, por lo cual los restos les fueron entregados sin tratamiento adecuado, algunos a\u00fan escurriendo de sangre.<\/p>\n\n\n\n<p>Responsabilizaron al agente municipal de Huazantl\u00e1n del R\u00edo de haber ordenado la masacre, perpetrada entre la noche del domingo 21 y la madrugada del lunes 22 de junio.<\/p>\n\n\n\n<p>En tanto,\nen San Mateo, otro grupo se quej\u00f3 que la autoridad municipal no quer\u00eda abrir el\npante\u00f3n ni la iglesia para llevar a cabo los funerales.<\/p>\n\n\n\n<p>Por su\nparte, la Secretar\u00eda de Seguridad P\u00fablica de Oaxaca inform\u00f3 que mantiene un\noperativo conjunto con fuerzas federales en la zona de conflicto.<\/p>\n","protected":false},"excerpt":{"rendered":"<p>Ismael Garc\u00eda M.\/Zona Roja. Oaxaca de Ju\u00e1rez, Oax., 23 de junio de 2020.- Habitantes de&hellip;<\/p>\n","protected":false},"author":2,"featured_media":14170,"comment_status":"closed","ping_status":"open","sticky":false,"template":"","format":"standard","meta":{"_lmt_disableupdate":"","_lmt_disable":"","_jetpack_memberships_contains_paid_content":false,"footnotes":""},"categories":[109,51],"tags":[1656,605],"class_list":["post-14169","post","type-post","status-publish","format-standard","has-post-thumbnail","hentry","category-minuto-a-minuto","category-zona-roja","tag-huazantlan-del-rio","tag-san-mateo-del-mar"],"jetpack_featured_media_url":"https:\/\/zonaroja.com.mx\/wp-content\/uploads\/2020\/06\/Fallecidos-Huazantl\u00e1n.png","jetpack_sharing_enabled":true,"_links":{"self":[{"href":"https:\/\/zonaroja.com.mx\/index.php?rest_route=\/wp\/v2\/posts\/14169","targetHints":{"allow":["GET"]}}],"collection":[{"href":"https:\/\/zonaroja.com.mx\/index.php?rest_route=\/wp\/v2\/posts"}],"about":[{"href":"https:\/\/zonaroja.com.mx\/index.php?rest_route=\/wp\/v2\/types\/post"}],"author":[{"embeddable":true,"href":"https:\/\/zonaroja.com.mx\/index.php?rest_route=\/wp\/v2\/users\/2"}],"replies":[{"embeddable":true,"href":"https:\/\/zonaroja.com.mx\/index.php?rest_route=%2Fwp%2Fv2%2Fcomments&post=14169"}],"version-history":[{"count":2,"href":"https:\/\/zonaroja.com.mx\/index.php?rest_route=\/wp\/v2\/posts\/14169\/revisions"}],"predecessor-version":[{"id":14172,"href":"https:\/\/zonaroja.com.mx\/index.php?rest_route=\/wp\/v2\/posts\/14169\/revisions\/14172"}],"wp:featuredmedia":[{"embeddable":true,"href":"https:\/\/zonaroja.com.mx\/index.php?rest_route=\/wp\/v2\/media\/14170"}],"wp:attachment":[{"href":"https:\/\/zonaroja.com.mx\/index.php?rest_route=%2Fwp%2Fv2%2Fmedia&parent=14169"}],"wp:term":[{"taxonomy":"category","embeddable":true,"href":"https:\/\/zonaroja.com.mx\/index.php?rest_route=%2Fwp%2Fv2%2Fcategories&post=14169"},{"taxonomy":"post_tag","embeddable":true,"href":"https:\/\/zonaroja.com.mx\/index.php?rest_route=%2Fwp%2Fv2%2Ftags&post=14169"}],"curies":[{"name":"wp","href":"https:\/\/api.w.org\/{rel}","templated":true}]}}