{"id":14173,"date":"2020-06-23T22:07:19","date_gmt":"2020-06-24T03:07:19","guid":{"rendered":"http:\/\/www.zonaroja.com.mx\/?p=14173"},"modified":"2020-06-23T22:07:22","modified_gmt":"2020-06-24T03:07:22","slug":"oaxaca-con-casi-500-muertos-por-covid-19-sigue-en-semaforo-rojo","status":"publish","type":"post","link":"https:\/\/zonaroja.com.mx\/?p=14173","title":{"rendered":"Oaxaca, con casi 500 muertos por Covid-19; sigue en sem\u00e1foro rojo"},"content":{"rendered":"\n<p>Redacci\u00f3n\/Zona\nRoja.<\/p>\n\n\n\n<p>Oaxaca de\nJu\u00e1rez, Oax. 23 de junio de 2020.- Al corte epidemiol\u00f3gico de este martes 23 de\njunio, los Servicios de Salud de Oaxaca (SSO), reportan cuatro mil 224 casos\nconfirmados acumulados de COVID-19; se suman 84 casos nuevos y lamentablemente\n21 decesos, que dan un total de 496 defunciones.<\/p>\n\n\n\n<p>De\nacuerdo con un comunicado, a la fecha se han notificado, ocho mil 63 casos, de\nlos cuales dos mil 866 son negativos, 973 son sospechosos en espera de\nresultados por laboratorio, hay tres mil 169 recuperados y 559 casos activos.<\/p>\n\n\n\n<p>Inform\u00f3 que la Jurisdicci\u00f3n Sanitaria n\u00famero uno Valles Centrales, registra dos mil 943 casos y 292 defunciones; el Istmo 257 y 41 defunciones; Tuxtepec 520 y 100 defunciones; Costa 161 y 19 defunciones, Mixteca 244 y 29 defunciones; la Sierra 99 y 15 defunciones.<\/p>\n\n\n\n<figure class=\"wp-block-image\"><img decoding=\"async\" width=\"960\" height=\"539\" src=\"http:\/\/www.zonaroja.com.mx\/wp-content\/uploads\/2020\/06\/SSO-2-2-2.jpeg\" alt=\"\" class=\"wp-image-14175\" srcset=\"https:\/\/zonaroja.com.mx\/wp-content\/uploads\/2020\/06\/SSO-2-2-2.jpeg 960w, https:\/\/zonaroja.com.mx\/wp-content\/uploads\/2020\/06\/SSO-2-2-2-300x168.jpeg 300w, https:\/\/zonaroja.com.mx\/wp-content\/uploads\/2020\/06\/SSO-2-2-2-768x431.jpeg 768w, https:\/\/zonaroja.com.mx\/wp-content\/uploads\/2020\/06\/SSO-2-2-2-585x328.jpeg 585w\" sizes=\"(max-width: 960px) 100vw, 960px\" \/><\/figure>\n\n\n\n<p>Mencion\u00f3\nque los 84 casos nuevos se presentan en 27 municipios, siendo los principales\nel de Oaxaca de Ju\u00e1rez con 33, Santa Cruz Xoxocotl\u00e1n ocho, Villa de Zaachila\nsiete, Santa Luc\u00eda del Camino y San Antonio de la Cal cuatro cada uno, San\nPablo Etla y San Lorenzo Cacaotepec tres cada uno, y los dem\u00e1s, 2 y 1 caso\nrespectivamente.<\/p>\n\n\n\n<p>De las\n496 defunciones, el grupo de edad m\u00e1s afectado es el de 65 y m\u00e1s a\u00f1os con 204,\nseguido de 50 a 59 con 124, de 60 a 64 con 59 defunciones, 323 fueron hombres y\n173 mujeres, las comorbilidades asociadas son la diabetes, seguida de la\nhipertensi\u00f3n arterial, obesidad e inmunosupresi\u00f3n.<\/p>\n\n\n\n<p>Por\nocupaci\u00f3n hospitalaria, el Hospital Regional de Alta Especialidad registra el\n100%, la Secretar\u00eda de Marina 100%, Sedena 90.5%, IMSS 68.9%, el sector privado\n83.3%, siendo un porcentaje de camas ocupadas del 54%, sin ventilador 54.7%, y\ncon ventilador 51.7%.<\/p>\n","protected":false},"excerpt":{"rendered":"<p>Redacci\u00f3n\/Zona Roja. Oaxaca de Ju\u00e1rez, Oax. 23 de junio de 2020.- Al corte epidemiol\u00f3gico de&hellip;<\/p>\n","protected":false},"author":2,"featured_media":14174,"comment_status":"closed","ping_status":"open","sticky":false,"template":"","format":"standard","meta":{"_lmt_disableupdate":"","_lmt_disable":"","_jetpack_memberships_contains_paid_content":false,"footnotes":""},"categories":[109,47],"tags":[1512],"class_list":["post-14173","post","type-post","status-publish","format-standard","has-post-thumbnail","hentry","category-minuto-a-minuto","category-zona-gris","tag-coronavirus-oaxaca"],"jetpack_featured_media_url":"https:\/\/zonaroja.com.mx\/wp-content\/uploads\/2020\/06\/SSO-1-3-1.jpeg","jetpack_sharing_enabled":true,"_links":{"self":[{"href":"https:\/\/zonaroja.com.mx\/index.php?rest_route=\/wp\/v2\/posts\/14173","targetHints":{"allow":["GET"]}}],"collection":[{"href":"https:\/\/zonaroja.com.mx\/index.php?rest_route=\/wp\/v2\/posts"}],"about":[{"href":"https:\/\/zonaroja.com.mx\/index.php?rest_route=\/wp\/v2\/types\/post"}],"author":[{"embeddable":true,"href":"https:\/\/zonaroja.com.mx\/index.php?rest_route=\/wp\/v2\/users\/2"}],"replies":[{"embeddable":true,"href":"https:\/\/zonaroja.com.mx\/index.php?rest_route=%2Fwp%2Fv2%2Fcomments&post=14173"}],"version-history":[{"count":1,"href":"https:\/\/zonaroja.com.mx\/index.php?rest_route=\/wp\/v2\/posts\/14173\/revisions"}],"predecessor-version":[{"id":14176,"href":"https:\/\/zonaroja.com.mx\/index.php?rest_route=\/wp\/v2\/posts\/14173\/revisions\/14176"}],"wp:featuredmedia":[{"embeddable":true,"href":"https:\/\/zonaroja.com.mx\/index.php?rest_route=\/wp\/v2\/media\/14174"}],"wp:attachment":[{"href":"https:\/\/zonaroja.com.mx\/index.php?rest_route=%2Fwp%2Fv2%2Fmedia&parent=14173"}],"wp:term":[{"taxonomy":"category","embeddable":true,"href":"https:\/\/zonaroja.com.mx\/index.php?rest_route=%2Fwp%2Fv2%2Fcategories&post=14173"},{"taxonomy":"post_tag","embeddable":true,"href":"https:\/\/zonaroja.com.mx\/index.php?rest_route=%2Fwp%2Fv2%2Ftags&post=14173"}],"curies":[{"name":"wp","href":"https:\/\/api.w.org\/{rel}","templated":true}]}}