{"id":14177,"date":"2020-06-24T07:32:34","date_gmt":"2020-06-24T12:32:34","guid":{"rendered":"http:\/\/www.zonaroja.com.mx\/?p=14177"},"modified":"2020-06-24T12:44:54","modified_gmt":"2020-06-24T17:44:54","slug":"obispos-piden-a-amlo-y-murat-intervenir-en-conflicto-de-san-mateo-del-mar","status":"publish","type":"post","link":"https:\/\/zonaroja.com.mx\/?p=14177","title":{"rendered":"Obispos piden a AMLO y Murat intervenir en conflicto de San Mateo del Mar"},"content":{"rendered":"\n<p>Redacci\u00f3n\/Zona\nRoja Cdmx.<\/p>\n\n\n\n<p>Ciudad de\nM\u00e9xico, 24 de junio de 2020.- El obispo de la Di\u00f3cesis de Tehuantepec, Crisp\u00edn\nOjeda Mart\u00ednez, junto con el obispo em\u00e9rito y presidente del Centro de Derechos\nHumanos \u201cTepeyac\u201d, Arturo Lona Reyes, pidieron al presidente Andr\u00e9s Manuel\nL\u00f3pez Obrador, al gobernador de Oaxaca, Alejandro Murat Hinojosa, y a la\nsecretaria de Gobernaci\u00f3n, Olga S\u00e1nchez Cordero, intervenir en el conflicto\nsocial y pol\u00edtico que se vive en la comunidad ind\u00edgena ikoots tras el asesinato\nde 15 personas en San Mateo del Mar. <\/p>\n\n\n\n<p>La\ngravedad de estos hechos, a\u00f1adieron, da\u00f1a de manera \u201cprofunda a una comunidad\nind\u00edgena que, ante la desatenci\u00f3n ancestral y actual por parte de los niveles\nde gobierno, ha tra\u00eddo como consecuencia una grave violaci\u00f3n a sus derechos\nhumanos: el derecho a la vida, a la integridad y seguridad personal, al\ndesarrollo, al acceso pleno de los derechos econ\u00f3micos sociales y culturales,\nel derecho a la paz\u201d. <\/p>\n\n\n\n<p>En un\ncomunicado, manifestaron su preocupaci\u00f3n porque las acciones que han realizado\nel gobierno federal y el estatal no previnieron la violencia que se gener\u00f3 aun\ncuando se tiene conocimiento que el problema que viven los pobladores de San Mateo\ndel Mar \u201ces de alto riesgo para la vida, la seguridad y la paz\u201d. <\/p>\n\n\n\n<p>A\u00f1adieron\nque dicha comunidad \u201cvive un proceso donde la paz a la que tienen derecho ha\nsido trastocada\u201d. Destacaron que desde el 3 de mayo pasado, fue privado de la\nvida el agente municipal suplente de agencia municipal de Huaztl\u00e1n del R\u00edo;\n\u201cdesde tal fecha no se sabe que se haya procurado justicia por tal acontecimiento\u201d.\n<\/p>\n\n\n\n<p>Los\nobispos expusieron que el domingo pasado, fue convocada una asamblea\ncomunitaria en la comunidad de Huaztl\u00e1n del R\u00edo, \u201cpor ello personas que viven\nen la cabecera municipal al pasar por la comunidad de Reforma, fueron agredidos\npor un grupo armado; por ello decidieron regresar a la cabecera municipal y\ndejar a seis personas lesionadas.<\/p>\n\n\n\n<p>\u201cPosteriormente\nse dirigieron a la poblaci\u00f3n de Huaztl\u00e1n del R\u00edo, donde ocurrieron actos de\nviolencia, y los vecinos comunican que al menos resultaron muertas 15 personas\ny otras lesionadas, sin que haya contacto con el apoyo de los cuerpos de\nseguridad\u201d. <\/p>\n\n\n\n<p>Destacaron\nque como defensores de derechos humanos, les preocupa la violencia que existe\nen la comunidad ind\u00edgena de San Mateo del Mar, pero sobre todo que puedan\nexistir actores ajenos a ella que alientan la violencia. <\/p>\n\n\n\n<p>Instaron al gobierno federal a que garantice las medidas de apoyo y asistencia que se\u00f1ala la Ley General de V\u00edctimas y la Ley de V\u00edctimas del estado de Oaxaca, a los deudos de las personas fallecidas; se brinde atenci\u00f3n m\u00e9dica a los lesionados en cl\u00ednicas especializadas; se atienda a los ni\u00f1os ni\u00f1as y adolescentes que se quedaron en la orfandad a trav\u00e9s de asistencia psicol\u00f3gica y m\u00e9dica.  Para las mujeres v\u00edctimas de violencia exhortaron a que se d\u00e9 un trato diferenciado atendiendo a lo dispuesto por la convenci\u00f3n sobre la eliminaci\u00f3n toda forma de discriminaci\u00f3n contra la mujer y en la convenci\u00f3n interamericana para prevenir sancionar erradicar la violencia contra la mujer; se realicen las investigaciones penales y administrativas que correspondan, para que los hechos ocurridos no se queden en la impunidad, y se inicie un proceso de paz y reconciliaci\u00f3n que garantice la pacificaci\u00f3n interna de la comunidad, as\u00ed como las poblaciones vecinas.  <\/p>\n\n\n\n<p>(Informaci\u00f3n de \u201cLa Jornada\u201d)<\/p>\n","protected":false},"excerpt":{"rendered":"<p>Redacci\u00f3n\/Zona Roja Cdmx. Ciudad de M\u00e9xico, 24 de junio de 2020.- El obispo de la&hellip;<\/p>\n","protected":false},"author":2,"featured_media":14178,"comment_status":"closed","ping_status":"open","sticky":false,"template":"","format":"standard","meta":{"_lmt_disableupdate":"","_lmt_disable":"","_jetpack_memberships_contains_paid_content":false,"footnotes":""},"categories":[109,47],"tags":[1656,605],"class_list":["post-14177","post","type-post","status-publish","format-standard","has-post-thumbnail","hentry","category-minuto-a-minuto","category-zona-gris","tag-huazantlan-del-rio","tag-san-mateo-del-mar"],"jetpack_featured_media_url":"https:\/\/zonaroja.com.mx\/wp-content\/uploads\/2020\/06\/Muertos-San-Mateo-del-Mar.png","jetpack_sharing_enabled":true,"_links":{"self":[{"href":"https:\/\/zonaroja.com.mx\/index.php?rest_route=\/wp\/v2\/posts\/14177","targetHints":{"allow":["GET"]}}],"collection":[{"href":"https:\/\/zonaroja.com.mx\/index.php?rest_route=\/wp\/v2\/posts"}],"about":[{"href":"https:\/\/zonaroja.com.mx\/index.php?rest_route=\/wp\/v2\/types\/post"}],"author":[{"embeddable":true,"href":"https:\/\/zonaroja.com.mx\/index.php?rest_route=\/wp\/v2\/users\/2"}],"replies":[{"embeddable":true,"href":"https:\/\/zonaroja.com.mx\/index.php?rest_route=%2Fwp%2Fv2%2Fcomments&post=14177"}],"version-history":[{"count":2,"href":"https:\/\/zonaroja.com.mx\/index.php?rest_route=\/wp\/v2\/posts\/14177\/revisions"}],"predecessor-version":[{"id":14193,"href":"https:\/\/zonaroja.com.mx\/index.php?rest_route=\/wp\/v2\/posts\/14177\/revisions\/14193"}],"wp:featuredmedia":[{"embeddable":true,"href":"https:\/\/zonaroja.com.mx\/index.php?rest_route=\/wp\/v2\/media\/14178"}],"wp:attachment":[{"href":"https:\/\/zonaroja.com.mx\/index.php?rest_route=%2Fwp%2Fv2%2Fmedia&parent=14177"}],"wp:term":[{"taxonomy":"category","embeddable":true,"href":"https:\/\/zonaroja.com.mx\/index.php?rest_route=%2Fwp%2Fv2%2Fcategories&post=14177"},{"taxonomy":"post_tag","embeddable":true,"href":"https:\/\/zonaroja.com.mx\/index.php?rest_route=%2Fwp%2Fv2%2Ftags&post=14177"}],"curies":[{"name":"wp","href":"https:\/\/api.w.org\/{rel}","templated":true}]}}