{"id":14180,"date":"2020-06-24T07:43:57","date_gmt":"2020-06-24T12:43:57","guid":{"rendered":"http:\/\/www.zonaroja.com.mx\/?p=14180"},"modified":"2020-06-24T07:44:01","modified_gmt":"2020-06-24T12:44:01","slug":"respalda-legislativo-acciones-de-proteccion-civil-para-enfrentar-crisis-por-sismo","status":"publish","type":"post","link":"https:\/\/zonaroja.com.mx\/?p=14180","title":{"rendered":"Respalda Legislativo acciones de Protecci\u00f3n Civil para enfrentar crisis por sismo"},"content":{"rendered":"\n<p>Redacci\u00f3n\/Zona\nRoja.<\/p>\n\n\n\n<p>Oaxaca de\nJu\u00e1rez, Oax., 24 de junio de 2020.- El Congreso de Oaxaca estar\u00e1 al tanto de\nlas afectaciones causadas por el sismo de 7.5 grados con epicentro en la\nCrucecita, Santa Mar\u00eda Huatulco, inform\u00f3 el diputado Oth\u00f3n Cuevas C\u00f3rdova, residente\nde la Comisi\u00f3n Permanente de Protecci\u00f3n Civil de la 64 Legislatura local.<\/p>\n\n\n\n<p>Remarc\u00f3\nque mantiene una comunicaci\u00f3n ininterrumpida con funcionarios de la Coordinaci\u00f3n\nEstatal de Protecci\u00f3n Civil (CEPCO), los cuales, adem\u00e1s de referir el env\u00edo de una\naeronave a la regi\u00f3n de la Sierra Sur, han reportado derrumbes en la carretera\nOaxaca-Cuacnopalan.<\/p>\n\n\n\n<p>Basado en\ninformaci\u00f3n oficial de la Coordinaci\u00f3n Nacional de Protecci\u00f3n Civil, el\nlegislador descart\u00f3 la presencia de un tsunami en la zona costera; sin embargo,\npidi\u00f3 a la poblaci\u00f3n de la zona mantenerse informada ante cualquier alerta de\nlas autoridades competentes en la zona costera.<\/p>\n\n\n\n<p>Respecto\nal desalojo de trabajadoras y trabajadores del Congreso local, el legislador\nrecord\u00f3 que, como resultado de los simulacros constantes en el Poder\nLegislativo, la salida del personal transcurri\u00f3 de acuerdo al protocolo de\nseguridad correspondiente.<\/p>\n\n\n\n<p>Adelant\u00f3\nque despu\u00e9s de comunicarse con el director de la CEPCO, Antonio Amaro Cancino,\nacordaron realizar una revisi\u00f3n exhaustiva de la sede parlamentaria, a fin de\nevaluar las instalaciones y, en su caso, descartar riesgos estructurales.<\/p>\n\n\n\n<p>La\ndeterminaci\u00f3n de la pausa de actividades, dijo, facilitar\u00e1 la revisi\u00f3n de las\ninstalaciones del Congreso Local.<\/p>\n\n\n\n<p>Minutos\ndespu\u00e9s del sismo, registrado a las 10 horas y 29 minutos, se dio a conocer que\ncon el acuerdo de integrantes de la Junta de Coordinaci\u00f3n Pol\u00edtica, y\ndiferentes organismos directivos de la LXIV Legislatura, la reanudaci\u00f3n en los\ntrabajos administrativos en la sede del Poder Legislativo se determinar\u00e1\ndespu\u00e9s de la inspecci\u00f3n minuciosa de las instalaciones.<\/p>\n\n\n\n<p>Cuevas\nC\u00f3rdova, resalt\u00f3 que la Legislatura estar\u00e1 en permanente contacto con las\ninstancias estatales y federales en la materia de protecci\u00f3n civil.\n\u00abExiste la plena voluntad para ejercitar todos los mecanismos\nparlamentarios que faciliten la atenci\u00f3n hacia la poblaci\u00f3n afectada por el\nsismo\u00bb, finaliz\u00f3.<\/p>\n","protected":false},"excerpt":{"rendered":"<p>Redacci\u00f3n\/Zona Roja. Oaxaca de Ju\u00e1rez, Oax., 24 de junio de 2020.- El Congreso de Oaxaca&hellip;<\/p>\n","protected":false},"author":2,"featured_media":14181,"comment_status":"closed","ping_status":"open","sticky":false,"template":"","format":"standard","meta":{"_lmt_disableupdate":"","_lmt_disable":"","_jetpack_memberships_contains_paid_content":false,"footnotes":""},"categories":[109,46],"tags":[1311],"class_list":["post-14180","post","type-post","status-publish","format-standard","has-post-thumbnail","hentry","category-minuto-a-minuto","category-zona-blanca","tag-othon-cuevas-cordova"],"jetpack_featured_media_url":"https:\/\/zonaroja.com.mx\/wp-content\/uploads\/2020\/06\/Oth\u00f3n-Cuevas-C\u00f3rdova.jpg","jetpack_sharing_enabled":true,"_links":{"self":[{"href":"https:\/\/zonaroja.com.mx\/index.php?rest_route=\/wp\/v2\/posts\/14180","targetHints":{"allow":["GET"]}}],"collection":[{"href":"https:\/\/zonaroja.com.mx\/index.php?rest_route=\/wp\/v2\/posts"}],"about":[{"href":"https:\/\/zonaroja.com.mx\/index.php?rest_route=\/wp\/v2\/types\/post"}],"author":[{"embeddable":true,"href":"https:\/\/zonaroja.com.mx\/index.php?rest_route=\/wp\/v2\/users\/2"}],"replies":[{"embeddable":true,"href":"https:\/\/zonaroja.com.mx\/index.php?rest_route=%2Fwp%2Fv2%2Fcomments&post=14180"}],"version-history":[{"count":1,"href":"https:\/\/zonaroja.com.mx\/index.php?rest_route=\/wp\/v2\/posts\/14180\/revisions"}],"predecessor-version":[{"id":14182,"href":"https:\/\/zonaroja.com.mx\/index.php?rest_route=\/wp\/v2\/posts\/14180\/revisions\/14182"}],"wp:featuredmedia":[{"embeddable":true,"href":"https:\/\/zonaroja.com.mx\/index.php?rest_route=\/wp\/v2\/media\/14181"}],"wp:attachment":[{"href":"https:\/\/zonaroja.com.mx\/index.php?rest_route=%2Fwp%2Fv2%2Fmedia&parent=14180"}],"wp:term":[{"taxonomy":"category","embeddable":true,"href":"https:\/\/zonaroja.com.mx\/index.php?rest_route=%2Fwp%2Fv2%2Fcategories&post=14180"},{"taxonomy":"post_tag","embeddable":true,"href":"https:\/\/zonaroja.com.mx\/index.php?rest_route=%2Fwp%2Fv2%2Ftags&post=14180"}],"curies":[{"name":"wp","href":"https:\/\/api.w.org\/{rel}","templated":true}]}}