{"id":14187,"date":"2020-06-24T11:02:44","date_gmt":"2020-06-24T16:02:44","guid":{"rendered":"http:\/\/www.zonaroja.com.mx\/?p=14187"},"modified":"2020-06-24T11:04:43","modified_gmt":"2020-06-24T16:04:43","slug":"rebosan-hospitales-de-pacientes-covid-y-suman-819-medicos-infectados","status":"publish","type":"post","link":"https:\/\/zonaroja.com.mx\/?p=14187","title":{"rendered":"Rebosan hospitales de pacientes Covid\u2026 y suman 819 m\u00e9dicos infectados"},"content":{"rendered":"\n<p>Ismael\nGarc\u00eda M.\/Zona Roja.<\/p>\n\n\n\n<p>Oaxaca de Ju\u00e1rez, Oax., 24 de junio de 2020.- Sin visos de entrar en sem\u00e1foro naranja, en Oaxaca al menos tres hospitales est\u00e1n pr\u00e1cticamente al 100 por ciento de su capacidad en atenci\u00f3n a enfermos por Covid-19.<\/p>\n\n\n\n<p>Pero\nadem\u00e1s, el personal m\u00e9dico es uno de los sectores sociales m\u00e1s afectados por la\npandemia, y a la fecha suman 819 casos.<\/p>\n\n\n\n<p>De\nacuerdo con los Servicios de Salud de Oaxaca, el Hospital Regional de Alta\nEspecialidad, ubicado en San Bartolo Coyotepec, est\u00e1 al 100 por ciento de su\ncapacidad; pero adem\u00e1s, enfrenta desde ayer el problema de fisuras y da\u00f1os por\nel sismo en diversas \u00e1reas, que fueron desalojadas.<\/p>\n\n\n\n<p>Tambi\u00e9n\ncon cupo total de pacientes con el nuevo coronavirus est\u00e1 el hospital de la\nSecretar\u00eda de Marina, en Santa Mar\u00eda Huatulco, mientras que los hospitales de\nla Secretar\u00eda de la Defensa Nacional, el principal ubicado en Santa Mar\u00eda\nIxcotel, est\u00e1 al 90.5 por ciento.<\/p>\n\n\n\n<p>En tanto,\nel nosocomio del Instituto Mexicano del Seguro Social, en la ciudad de Oaxaca,\nregistra un 68.9 por ciento de ocupaci\u00f3n; no aparece en la lista el hospital\ndel ISSSTE, uno de los principales que han atendido a pacientes.<\/p>\n\n\n\n<p>Por otra\nparte, de acuerdo con una gr\u00e1fica de la misma dependencia responsable del\nsector salud, suman 293 m\u00e9dicos infectados por coronavirus, 335 enfermeras y\n191 de otras \u00e1reas, sin citar cu\u00e1ntos han fallecido por esa causa.<\/p>\n\n\n\n<p>Tambi\u00e9n,\nlos Servicios de Salud ha mantenido en reserva en qu\u00e9 nosocomio se ha\npresentado la mayor\u00eda de los casos.<\/p>\n","protected":false},"excerpt":{"rendered":"<p>Ismael Garc\u00eda M.\/Zona Roja. Oaxaca de Ju\u00e1rez, Oax., 24 de junio de 2020.- Sin visos&hellip;<\/p>\n","protected":false},"author":2,"featured_media":13947,"comment_status":"closed","ping_status":"open","sticky":false,"template":"","format":"standard","meta":{"_lmt_disableupdate":"","_lmt_disable":"","_jetpack_memberships_contains_paid_content":false,"footnotes":""},"categories":[109,47],"tags":[1512],"class_list":["post-14187","post","type-post","status-publish","format-standard","has-post-thumbnail","hentry","category-minuto-a-minuto","category-zona-gris","tag-coronavirus-oaxaca"],"jetpack_featured_media_url":"https:\/\/zonaroja.com.mx\/wp-content\/uploads\/2020\/06\/Coronavirus-mundo.jpg","jetpack_sharing_enabled":true,"_links":{"self":[{"href":"https:\/\/zonaroja.com.mx\/index.php?rest_route=\/wp\/v2\/posts\/14187","targetHints":{"allow":["GET"]}}],"collection":[{"href":"https:\/\/zonaroja.com.mx\/index.php?rest_route=\/wp\/v2\/posts"}],"about":[{"href":"https:\/\/zonaroja.com.mx\/index.php?rest_route=\/wp\/v2\/types\/post"}],"author":[{"embeddable":true,"href":"https:\/\/zonaroja.com.mx\/index.php?rest_route=\/wp\/v2\/users\/2"}],"replies":[{"embeddable":true,"href":"https:\/\/zonaroja.com.mx\/index.php?rest_route=%2Fwp%2Fv2%2Fcomments&post=14187"}],"version-history":[{"count":2,"href":"https:\/\/zonaroja.com.mx\/index.php?rest_route=\/wp\/v2\/posts\/14187\/revisions"}],"predecessor-version":[{"id":14189,"href":"https:\/\/zonaroja.com.mx\/index.php?rest_route=\/wp\/v2\/posts\/14187\/revisions\/14189"}],"wp:featuredmedia":[{"embeddable":true,"href":"https:\/\/zonaroja.com.mx\/index.php?rest_route=\/wp\/v2\/media\/13947"}],"wp:attachment":[{"href":"https:\/\/zonaroja.com.mx\/index.php?rest_route=%2Fwp%2Fv2%2Fmedia&parent=14187"}],"wp:term":[{"taxonomy":"category","embeddable":true,"href":"https:\/\/zonaroja.com.mx\/index.php?rest_route=%2Fwp%2Fv2%2Fcategories&post=14187"},{"taxonomy":"post_tag","embeddable":true,"href":"https:\/\/zonaroja.com.mx\/index.php?rest_route=%2Fwp%2Fv2%2Ftags&post=14187"}],"curies":[{"name":"wp","href":"https:\/\/api.w.org\/{rel}","templated":true}]}}