{"id":14199,"date":"2020-06-24T16:03:05","date_gmt":"2020-06-24T21:03:05","guid":{"rendered":"http:\/\/www.zonaroja.com.mx\/?p=14199"},"modified":"2020-06-24T16:03:09","modified_gmt":"2020-06-24T21:03:09","slug":"aumenta-a-nueve-las-victimas-por-sismo-podria-haber-mas","status":"publish","type":"post","link":"https:\/\/zonaroja.com.mx\/?p=14199","title":{"rendered":"Aumenta a nueve las v\u00edctimas por sismo; podr\u00eda haber m\u00e1s"},"content":{"rendered":"\n<p>Yuridiana\nSosa\/Zona Roja.<\/p>\n\n\n\n<p>Oaxaca de\nJu\u00e1rez, Oax., 24 de junio de 2020.- El sismo de magnitud 7.5 con epicentro en\nLa Crucecita, Santa Mar\u00eda Huatulco ha cobrado la vida de nueve personas en las\nregiones de Sierra Sur, Costa, Istmo y Valles Centrales.<\/p>\n\n\n\n<p>Durante\nla tercera sesi\u00f3n del Consejo de Protecci\u00f3n y Seguridad, realizada la ma\u00f1ana de\neste mi\u00e9rcoles, se confirm\u00f3 el deceso de siete oaxaque\u00f1os a consecuencia del\nsismo, sin embargo, pobladores de Santa Mar\u00eda Ozolotepec reportaron el hallazgo\nde dos habitantes sepultados entre los derrumbes.<\/p>\n\n\n\n<p>Los\nintegrantes del consejo, encabezado por el gobernador Alejandro Murat Hinojosa,\ndieron a conocer que hasta el momento se tiene un total de 11 personas heridas,\nde las que cinco requirieron hospitalizaci\u00f3n.<\/p>\n\n\n\n<p>En la\nregi\u00f3n de la Costa, en el sitio del epicentro, se registr\u00f3 la defunci\u00f3n de\nSayra Karina P\u00e9rez L\u00f3pez, de 25 a\u00f1os de edad, en la comunidad de La Crucecita\nde Santa Mar\u00eda Huatulco, quien perdi\u00f3 la vida por ca\u00edda de barda.<\/p>\n\n\n\n<p>En la\nSierra Sur, se notific\u00f3 la muerte de Mart\u00edn Rosas Rosas, de 55 a\u00f1os, en la\nagencia La Lapagu\u00eda del municipio de San Juan Ozolotepec, por ca\u00edda de techo en\nsu vivienda; Jos\u00e9 Fernando Lorenzo Fuentes, de 26 a\u00f1os, en San Francisco\nOzolotepec, por un derrumbe en la agencia de San Juan Guivini, as\u00ed como de\nAbd\u00f3n Mendoza de 58 a\u00f1os, por derrumbe en la agencia Santiago Lapagu\u00eda de San\nJuan Ozolotepec.<\/p>\n\n\n\n<p>En la\nregi\u00f3n del Istmo se confirm\u00f3 el deceso de una mujer identificada como Rebeca\nL\u00f3pez Castillo, de 61 a\u00f1os, en barrio las Flores del municipio de San Pedro\nTapanatepec, por infarto a causa del sismo, as\u00ed como de Gerardo Villalobos\nJim\u00e9nez de 53 a\u00f1os, en Salina Cruz a consecuencia de la ca\u00edda de una estructura\nen la Refiner\u00eda Antonio Doval\u00ed.<\/p>\n\n\n\n<p>Mientras\nque la regi\u00f3n de Valles Centrales un hombre mayor de edad, identificado como\nBonifacio Reyes de 94 a\u00f1os de edad, de San Agust\u00edn Amatengo perdi\u00f3 la vida por ca\u00edda\nque sufri\u00f3 durante el sismo.<\/p>\n\n\n\n<p>Habitantes\nde Santa Mar\u00eda Ozolotepec reportaron que, tras la b\u00fasqueda de personas no\nlocalizadas despu\u00e9s del sismo, durante las primeras horas de este mi\u00e9rcoles se\nencontraron enterrados dos cuerpos, lo cual dieron a conocer a las autoridades\nde San Gregorio Ozolotepec.<\/p>\n\n\n\n<p>Indicaron\nque las personas fueron identificadas como Valent\u00edn Efra\u00edn Zurita Jim\u00e9nez, de\n15 a\u00f1os de edad y Ad\u00e1n Jim\u00e9nez L\u00f3pez de 30 a\u00f1os de edad, a quienes el sismo los\nsorprendi\u00f3 en actividades del campo, donde fueron localizados. Acaban de dar\nparte las autoridades de San Gregorio Ozolotepec y con los que suman nueve las\ndefunciones por el sismo.<\/p>\n","protected":false},"excerpt":{"rendered":"<p>Yuridiana Sosa\/Zona Roja. Oaxaca de Ju\u00e1rez, Oax., 24 de junio de 2020.- El sismo de&hellip;<\/p>\n","protected":false},"author":2,"featured_media":14200,"comment_status":"closed","ping_status":"open","sticky":false,"template":"","format":"standard","meta":{"_lmt_disableupdate":"","_lmt_disable":"","_jetpack_memberships_contains_paid_content":false,"footnotes":""},"categories":[109,47],"tags":[1782],"class_list":["post-14199","post","type-post","status-publish","format-standard","has-post-thumbnail","hentry","category-minuto-a-minuto","category-zona-gris","tag-sismo-oaxaca"],"jetpack_featured_media_url":"https:\/\/zonaroja.com.mx\/wp-content\/uploads\/2020\/06\/Sismo-Ozolotepec.jpg","jetpack_sharing_enabled":true,"_links":{"self":[{"href":"https:\/\/zonaroja.com.mx\/index.php?rest_route=\/wp\/v2\/posts\/14199","targetHints":{"allow":["GET"]}}],"collection":[{"href":"https:\/\/zonaroja.com.mx\/index.php?rest_route=\/wp\/v2\/posts"}],"about":[{"href":"https:\/\/zonaroja.com.mx\/index.php?rest_route=\/wp\/v2\/types\/post"}],"author":[{"embeddable":true,"href":"https:\/\/zonaroja.com.mx\/index.php?rest_route=\/wp\/v2\/users\/2"}],"replies":[{"embeddable":true,"href":"https:\/\/zonaroja.com.mx\/index.php?rest_route=%2Fwp%2Fv2%2Fcomments&post=14199"}],"version-history":[{"count":1,"href":"https:\/\/zonaroja.com.mx\/index.php?rest_route=\/wp\/v2\/posts\/14199\/revisions"}],"predecessor-version":[{"id":14201,"href":"https:\/\/zonaroja.com.mx\/index.php?rest_route=\/wp\/v2\/posts\/14199\/revisions\/14201"}],"wp:featuredmedia":[{"embeddable":true,"href":"https:\/\/zonaroja.com.mx\/index.php?rest_route=\/wp\/v2\/media\/14200"}],"wp:attachment":[{"href":"https:\/\/zonaroja.com.mx\/index.php?rest_route=%2Fwp%2Fv2%2Fmedia&parent=14199"}],"wp:term":[{"taxonomy":"category","embeddable":true,"href":"https:\/\/zonaroja.com.mx\/index.php?rest_route=%2Fwp%2Fv2%2Fcategories&post=14199"},{"taxonomy":"post_tag","embeddable":true,"href":"https:\/\/zonaroja.com.mx\/index.php?rest_route=%2Fwp%2Fv2%2Ftags&post=14199"}],"curies":[{"name":"wp","href":"https:\/\/api.w.org\/{rel}","templated":true}]}}