{"id":14205,"date":"2020-06-24T18:58:24","date_gmt":"2020-06-24T23:58:24","guid":{"rendered":"http:\/\/www.zonaroja.com.mx\/?p=14205"},"modified":"2020-06-24T18:58:28","modified_gmt":"2020-06-24T23:58:28","slug":"asuntos-de-violencia-de-genero-prioridad-en-poder-judicial-de-oaxaca","status":"publish","type":"post","link":"https:\/\/zonaroja.com.mx\/?p=14205","title":{"rendered":"Asuntos de violencia de g\u00e9nero, prioridad en Poder Judicial de Oaxaca"},"content":{"rendered":"\n<p>Redacci\u00f3n\/Zona\nRoja.<\/p>\n\n\n\n<p>Oaxaca de\nJu\u00e1rez, Oax., 24 de junio de 2020.- El Poder Judicial de Oaxaca inform\u00f3 que mantiene\nfirme su compromiso de fortalecer el trabajo de la instituci\u00f3n con pol\u00edticas\np\u00fablicas y acciones afirmativas encaminadas a la igualdad sustantiva.<\/p>\n\n\n\n<p>As\u00ed como\na la prevenci\u00f3n de la violencia de g\u00e9nero y la atenci\u00f3n puntual a procesos en\neste tema, en colaboraci\u00f3n con las instituciones competentes, en un marco de\nrespeto a la divisi\u00f3n de poderes.<\/p>\n\n\n\n<p>En un\ncomunicado, dio a conocer que de acuerdo con estad\u00edsticas del Consejo de la\nJudicatura, en el periodo del 20 de marzo al 8 de junio, los juzgados de\ncontrol de la entidad llevaron a cabo 648 audiencias presenciales y v\u00eda remota,\nde las cuales 312, es decir, el 48.1% de ellas, correspondieron a asuntos de\nviolencia por raz\u00f3n de g\u00e9nero<\/p>\n\n\n\n<p>Expuso\nque durante esta contingencia sanitaria por Covid-19, la Visitadur\u00eda General,\ncomo enlace de dicha instituci\u00f3n, ha mantenido constante comunicaci\u00f3n con la\nDirecci\u00f3n de Apoyo para la Justicia de G\u00e9nero de la Secretar\u00eda de las Mujeres\nen el Estado de Oaxaca (SMO), \u00e9sta \u00faltima encargada de supervisar los procesos\npenales de mujeres v\u00edctimas de violencia de g\u00e9nero.<\/p>\n\n\n\n<p>Lo\nanterior, con la finalidad de analizar, contextualizar y establecer mecanismos\nque permitan dar seguimiento a la tramitaci\u00f3n de asuntos que se llevan en los\ndistintos juzgados de la entidad, como ha sido la instrucci\u00f3n del magistrado presidente,\nEduardo Pinacho S\u00e1nchez.<\/p>\n\n\n\n<p>El\nvisitador general del Poder Judicial, Jorge L\u00f3pez Reyes indic\u00f3 que bajo la\npremisa establecida en los Acuerdos Generales dictados por el Pleno del Consejo\nde la Judicatura, en donde los temas de g\u00e9nero constituyen una prioridad en la\natenci\u00f3n por parte de las instituciones involucradas en el tema de prevenci\u00f3n\ndel delito y acceso a la justicia, se da atenci\u00f3n puntual a cada caso.<\/p>\n\n\n\n<p>Dichas\nreuniones se han podido entablar a trav\u00e9s de plataforma virtual, como mecanismo\nque permite la f\u00e1cil comunicaci\u00f3n y se seguir\u00e1 implementado en el marco de\natenci\u00f3n focalizada a temas de g\u00e9nero.<\/p>\n\n\n\n<p>Cabe\nse\u00f1alar que el Poder Judicial del Estado forma parte del Sistema Estatal para\nla Prevenci\u00f3n, Atenci\u00f3n, Sanci\u00f3n y Erradicaci\u00f3n de la Violencia contra las\nMujeres y del Sistema Estatal para la Igualdad entre Mujeres y Hombres de\nOaxaca, los cuales trabajan para eliminar todo tipo de agresi\u00f3n hacia este\nsector de la sociedad, adem\u00e1s de generar condiciones que permitan su completo y\nsano desarrollo en los diversos \u00e1mbitos de la vida.<\/p>\n\n\n\n<p>De igual\nforma, participa dentro del Comit\u00e9 de Seguimiento a la Alerta de Violencia de\nG\u00e9nero Contra las Mujeres (AVGM), declarada en agosto de 2018 para la entidad.<\/p>\n","protected":false},"excerpt":{"rendered":"<p>Redacci\u00f3n\/Zona Roja. Oaxaca de Ju\u00e1rez, Oax., 24 de junio de 2020.- El Poder Judicial de&hellip;<\/p>\n","protected":false},"author":2,"featured_media":8160,"comment_status":"closed","ping_status":"open","sticky":false,"template":"","format":"standard","meta":{"_lmt_disableupdate":"","_lmt_disable":"","_jetpack_memberships_contains_paid_content":false,"footnotes":""},"categories":[109,46],"tags":[223],"class_list":["post-14205","post","type-post","status-publish","format-standard","has-post-thumbnail","hentry","category-minuto-a-minuto","category-zona-blanca","tag-poder-judicial-de-oaxaca"],"jetpack_featured_media_url":"https:\/\/zonaroja.com.mx\/wp-content\/uploads\/2020\/01\/Poder-Judicial.jpg","jetpack_sharing_enabled":true,"_links":{"self":[{"href":"https:\/\/zonaroja.com.mx\/index.php?rest_route=\/wp\/v2\/posts\/14205","targetHints":{"allow":["GET"]}}],"collection":[{"href":"https:\/\/zonaroja.com.mx\/index.php?rest_route=\/wp\/v2\/posts"}],"about":[{"href":"https:\/\/zonaroja.com.mx\/index.php?rest_route=\/wp\/v2\/types\/post"}],"author":[{"embeddable":true,"href":"https:\/\/zonaroja.com.mx\/index.php?rest_route=\/wp\/v2\/users\/2"}],"replies":[{"embeddable":true,"href":"https:\/\/zonaroja.com.mx\/index.php?rest_route=%2Fwp%2Fv2%2Fcomments&post=14205"}],"version-history":[{"count":1,"href":"https:\/\/zonaroja.com.mx\/index.php?rest_route=\/wp\/v2\/posts\/14205\/revisions"}],"predecessor-version":[{"id":14206,"href":"https:\/\/zonaroja.com.mx\/index.php?rest_route=\/wp\/v2\/posts\/14205\/revisions\/14206"}],"wp:featuredmedia":[{"embeddable":true,"href":"https:\/\/zonaroja.com.mx\/index.php?rest_route=\/wp\/v2\/media\/8160"}],"wp:attachment":[{"href":"https:\/\/zonaroja.com.mx\/index.php?rest_route=%2Fwp%2Fv2%2Fmedia&parent=14205"}],"wp:term":[{"taxonomy":"category","embeddable":true,"href":"https:\/\/zonaroja.com.mx\/index.php?rest_route=%2Fwp%2Fv2%2Fcategories&post=14205"},{"taxonomy":"post_tag","embeddable":true,"href":"https:\/\/zonaroja.com.mx\/index.php?rest_route=%2Fwp%2Fv2%2Ftags&post=14205"}],"curies":[{"name":"wp","href":"https:\/\/api.w.org\/{rel}","templated":true}]}}