{"id":14207,"date":"2020-06-24T19:46:07","date_gmt":"2020-06-25T00:46:07","guid":{"rendered":"http:\/\/www.zonaroja.com.mx\/?p=14207"},"modified":"2020-06-24T19:46:11","modified_gmt":"2020-06-25T00:46:11","slug":"pide-cen-de-morena-esclarecimiento-de-la-masacre-en-san-mateo-del-mar","status":"publish","type":"post","link":"https:\/\/zonaroja.com.mx\/?p=14207","title":{"rendered":"Pide CEN de Morena esclarecimiento de la masacre en San Mateo del Mar"},"content":{"rendered":"\n<p>Evlin\nArag\u00f3n\/Zona Roja.<\/p>\n\n\n\n<p>Oaxaca de\nJu\u00e1rez, Oax., 24 de junio de 2020.- El Comit\u00e9 Ejecutivo Nacional del Partido\nMorena, demand\u00f3 el esclarecimiento de los hechos violentos registrados este fin\nde semana en San Mateo del Mar, y la intervenci\u00f3n inmediata de las autoridades\nestatales para terminar con el conflicto en la zona, del que tienen\nconocimiento desde el 2019.<\/p>\n\n\n\n<p>A trav\u00e9s\nde un breve comunicado de prensa, integrantes de la Secretar\u00eda Nacional de\nDerechos Humanos, hicieron un llamado al gobernador Alejandro Murat Hinojosa\npara que ejecute la orientaci\u00f3n dada por el Presidente Andr\u00e9s Manuel L\u00f3pez\nObrador, en el sentido de darle a la sangrienta confrontaci\u00f3n una soluci\u00f3n\nmediante el di\u00e1logo y la negociaci\u00f3n.<\/p>\n\n\n\n<p>De\nacuerdo con las personas firmantes, de haberse llevado a cabo un trabajo\nresponsable por parte de la autoridades y atenci\u00f3n a las peticiones de las y\nlos habitantes de la zona, no estar\u00edan lamentando las muertes de este fin de\nsemana, por lo exigieron castigo a los responsables de omisi\u00f3n en el tema.<\/p>\n\n\n\n<p>\u201cExigimos\njusticia para las v\u00edctimas de la masacre, atenci\u00f3n a los llamados de auxilio de\nlas comunidades de Oaxaca, castigo a los responsables de omisi\u00f3n y cese a las\nviolaciones de derechos humanos\u201d, refiere el documento.<\/p>\n\n\n\n<p>Explicaron\nque tienen conocimiento de un conflicto poselectoral entre la Uni\u00f3n de Agencias\ny Comunidades Ind\u00edgenas Ikoots y los simpatizantes del presidente municipal,\nBernardino Ponce Hinojosa, situaci\u00f3n que se ha hecho evidente a las autoridades\npara evitar una escalada de violencia.<\/p>\n\n\n\n<p>As\u00ed mismo,\ndenunciaron que los llamados por parte de la poblaci\u00f3n, que se incrementaron a\npartir de mayo pasado, al gobernador Alejandro Murat Hinojosa; al secretario\nGeneral de Gobierno, H\u00e9ctor Anuar Mafud Mafud, y al fiscal General, Rub\u00e9n\nVasconcelos M\u00e9ndez, han sido en vano teniendo como desenlace la masacre de este\nfin de semana.<\/p>\n\n\n\n<p>\u201cLos\n\u00fanicos que acudieron a esta comunidad fue un grupo de la Polic\u00eda Estatal y la\nGuardia Nacional, los cuales al parecer fueron insuficientes para contener el\nconflicto\u201d, refirieron, por lo que insistieron en la atenci\u00f3n integral del\nconflicto por parte de todas las autoridades estatales ponderando el di\u00e1logo y\nla negociaci\u00f3n.<\/p>\n\n\n\n<p>Finalmente,\nrecordaron que fue el pasado 21 de junio, por la tarde que un grupo de 15\npersonas fueron torturadas, quemadas y asesinadas en San Mateo del Mar, entre\nellas dos mujeres. Adem\u00e1s, se reportan numerosos heridos y personas\ndesaparecidas.<\/p>\n\n\n\n<p>Al\nllamado de justicia se han unido decenas de organizaciones sociales y\nactivistas que refieren que el conflicto no es nuevo y que no ha sido atendido\nde fondo por parte de las autoridades estatales, dejando el saldo funesto de\neste fin de semana.<\/p>\n","protected":false},"excerpt":{"rendered":"<p>Evlin Arag\u00f3n\/Zona Roja. Oaxaca de Ju\u00e1rez, Oax., 24 de junio de 2020.- El Comit\u00e9 Ejecutivo&hellip;<\/p>\n","protected":false},"author":2,"featured_media":14129,"comment_status":"closed","ping_status":"open","sticky":false,"template":"","format":"standard","meta":{"_lmt_disableupdate":"","_lmt_disable":"","_jetpack_memberships_contains_paid_content":false,"footnotes":""},"categories":[109,47],"tags":[582,605],"class_list":["post-14207","post","type-post","status-publish","format-standard","has-post-thumbnail","hentry","category-minuto-a-minuto","category-zona-gris","tag-partido-morena","tag-san-mateo-del-mar"],"jetpack_featured_media_url":"https:\/\/zonaroja.com.mx\/wp-content\/uploads\/2020\/06\/Polic\u00eda-San-Mateo-del-Mar.jpg","jetpack_sharing_enabled":true,"_links":{"self":[{"href":"https:\/\/zonaroja.com.mx\/index.php?rest_route=\/wp\/v2\/posts\/14207","targetHints":{"allow":["GET"]}}],"collection":[{"href":"https:\/\/zonaroja.com.mx\/index.php?rest_route=\/wp\/v2\/posts"}],"about":[{"href":"https:\/\/zonaroja.com.mx\/index.php?rest_route=\/wp\/v2\/types\/post"}],"author":[{"embeddable":true,"href":"https:\/\/zonaroja.com.mx\/index.php?rest_route=\/wp\/v2\/users\/2"}],"replies":[{"embeddable":true,"href":"https:\/\/zonaroja.com.mx\/index.php?rest_route=%2Fwp%2Fv2%2Fcomments&post=14207"}],"version-history":[{"count":1,"href":"https:\/\/zonaroja.com.mx\/index.php?rest_route=\/wp\/v2\/posts\/14207\/revisions"}],"predecessor-version":[{"id":14208,"href":"https:\/\/zonaroja.com.mx\/index.php?rest_route=\/wp\/v2\/posts\/14207\/revisions\/14208"}],"wp:featuredmedia":[{"embeddable":true,"href":"https:\/\/zonaroja.com.mx\/index.php?rest_route=\/wp\/v2\/media\/14129"}],"wp:attachment":[{"href":"https:\/\/zonaroja.com.mx\/index.php?rest_route=%2Fwp%2Fv2%2Fmedia&parent=14207"}],"wp:term":[{"taxonomy":"category","embeddable":true,"href":"https:\/\/zonaroja.com.mx\/index.php?rest_route=%2Fwp%2Fv2%2Fcategories&post=14207"},{"taxonomy":"post_tag","embeddable":true,"href":"https:\/\/zonaroja.com.mx\/index.php?rest_route=%2Fwp%2Fv2%2Ftags&post=14207"}],"curies":[{"name":"wp","href":"https:\/\/api.w.org\/{rel}","templated":true}]}}