{"id":14209,"date":"2020-06-25T08:00:34","date_gmt":"2020-06-25T13:00:34","guid":{"rendered":"http:\/\/www.zonaroja.com.mx\/?p=14209"},"modified":"2020-06-24T20:30:27","modified_gmt":"2020-06-25T01:30:27","slug":"urgente-declaratoria-de-emergencia-y-fonden-para-oaxaca-cuevas-cordova","status":"publish","type":"post","link":"https:\/\/zonaroja.com.mx\/?p=14209","title":{"rendered":"Urgente declaratoria de emergencia y Fonden para Oaxaca: Cuevas C\u00f3rdova"},"content":{"rendered":"\n<p>Yuridiana\nSosa\/Zona Roja.<\/p>\n\n\n\n<p>Oaxaca de\nJu\u00e1rez, Oax., 25 de junio de 2020.- Por los da\u00f1os ocasionados en m\u00e1s de 80\nmunicipios de la entidad a causa del sismo de 7.5 grados este 23 de junio, el\ndiputado local de Morena, Oth\u00f3n Cuevas C\u00f3rdova, respald\u00f3 a las autoridades\nestatales para que se declare emergencia para las zonas afectadas.<\/p>\n\n\n\n<p>Durante\nla sesi\u00f3n virtual de la Diputaci\u00f3n Permanente de la 64 Legislatura, el diputado\nlocal record\u00f3 la importancia de la aplicaci\u00f3n de los recursos del Fondo de\nDesastres Naturales (Fonden) para Oaxaca, a fin de reconstruir infraestructura\nsocial de vital importancia y para la poblaci\u00f3n.<\/p>\n\n\n\n<p>Por ese\nmotivo, dijo, durante la sesi\u00f3n del pasado 23 de mayo se manifest\u00f3 contra la\niniciativa de la diputada federal morenista, Dolores Padierna, para desaparecer\nel Fonden, entre otros fideicomisos, con la supuesta intenci\u00f3n de ocupar esos\nrecursos para la crisis por el Covid-19.<\/p>\n\n\n\n<p>Como\npresidente de la Comisi\u00f3n Permanente de Protecci\u00f3n Civil del Congreso de\nOaxaca, destac\u00f3 que tan solo durante los primeros meses de este a\u00f1o el 34.7 por\nciento de los sismos en el pa\u00eds se hab\u00edan presentado en Oaxaca.<\/p>\n\n\n\n<p>CONTINGENCIA\nSANITARIA<\/p>\n\n\n\n<p>Con\nrelaci\u00f3n a la contingencia sanitaria por Covid-19, el diputado Oth\u00f3n Cuevas,\nllam\u00f3 a las autoridades municipales y tradicionales de San Pedro Ixtlahuaca, en\nlos Valles Centrales, a suspender las festividades anuales, culturales y\nreligiosas, programadas para los pr\u00f3ximos d\u00edas de este mes.<\/p>\n\n\n\n<p>Como\nrepresentante popular por el Distrito XII, que incluye dicho municipio, exhort\u00f3\na la prudencia y sumarse al reto de los municipios que han atendido al llamado\nde suspender actividades masivas como medida de prevenci\u00f3n de contagios, pues\nen Ixtlahuaca se programaron actividades que incitan a la aglomeraci\u00f3n de\npersonas, como son bailes populares.<\/p>\n\n\n\n<p>Durante\nsu participaci\u00f3n, tambi\u00e9n present\u00f3 la proposici\u00f3n para la creaci\u00f3n de una comisi\u00f3n\npermanente en materia de atenci\u00f3n a la juventud, ante la relevancia de este\nsector de la poblaci\u00f3n para la sociedad, el cual pas\u00f3 a estudio a la Comisi\u00f3n\nde R\u00e9gimen, Reglamentos y Pr\u00e1cticas Parlamentarias.<\/p>\n","protected":false},"excerpt":{"rendered":"<p>Yuridiana Sosa\/Zona Roja. Oaxaca de Ju\u00e1rez, Oax., 25 de junio de 2020.- Por los da\u00f1os&hellip;<\/p>\n","protected":false},"author":2,"featured_media":14210,"comment_status":"closed","ping_status":"open","sticky":false,"template":"","format":"standard","meta":{"_lmt_disableupdate":"","_lmt_disable":"","_jetpack_memberships_contains_paid_content":false,"footnotes":""},"categories":[109,46],"tags":[1311],"class_list":["post-14209","post","type-post","status-publish","format-standard","has-post-thumbnail","hentry","category-minuto-a-minuto","category-zona-blanca","tag-othon-cuevas-cordova"],"jetpack_featured_media_url":"https:\/\/zonaroja.com.mx\/wp-content\/uploads\/2020\/06\/Oth\u00f3n-Cuevas.jpg","jetpack_sharing_enabled":true,"_links":{"self":[{"href":"https:\/\/zonaroja.com.mx\/index.php?rest_route=\/wp\/v2\/posts\/14209","targetHints":{"allow":["GET"]}}],"collection":[{"href":"https:\/\/zonaroja.com.mx\/index.php?rest_route=\/wp\/v2\/posts"}],"about":[{"href":"https:\/\/zonaroja.com.mx\/index.php?rest_route=\/wp\/v2\/types\/post"}],"author":[{"embeddable":true,"href":"https:\/\/zonaroja.com.mx\/index.php?rest_route=\/wp\/v2\/users\/2"}],"replies":[{"embeddable":true,"href":"https:\/\/zonaroja.com.mx\/index.php?rest_route=%2Fwp%2Fv2%2Fcomments&post=14209"}],"version-history":[{"count":1,"href":"https:\/\/zonaroja.com.mx\/index.php?rest_route=\/wp\/v2\/posts\/14209\/revisions"}],"predecessor-version":[{"id":14211,"href":"https:\/\/zonaroja.com.mx\/index.php?rest_route=\/wp\/v2\/posts\/14209\/revisions\/14211"}],"wp:featuredmedia":[{"embeddable":true,"href":"https:\/\/zonaroja.com.mx\/index.php?rest_route=\/wp\/v2\/media\/14210"}],"wp:attachment":[{"href":"https:\/\/zonaroja.com.mx\/index.php?rest_route=%2Fwp%2Fv2%2Fmedia&parent=14209"}],"wp:term":[{"taxonomy":"category","embeddable":true,"href":"https:\/\/zonaroja.com.mx\/index.php?rest_route=%2Fwp%2Fv2%2Fcategories&post=14209"},{"taxonomy":"post_tag","embeddable":true,"href":"https:\/\/zonaroja.com.mx\/index.php?rest_route=%2Fwp%2Fv2%2Ftags&post=14209"}],"curies":[{"name":"wp","href":"https:\/\/api.w.org\/{rel}","templated":true}]}}