{"id":14212,"date":"2020-06-24T21:14:46","date_gmt":"2020-06-25T02:14:46","guid":{"rendered":"http:\/\/www.zonaroja.com.mx\/?p=14212"},"modified":"2020-06-24T22:30:22","modified_gmt":"2020-06-25T03:30:22","slug":"el-20-de-contagiados-por-covid-19-en-oaxaca-es-personal-medico","status":"publish","type":"post","link":"https:\/\/zonaroja.com.mx\/?p=14212","title":{"rendered":"El 20% de contagiados por Covid-19 en Oaxaca es personal m\u00e9dico"},"content":{"rendered":"\n<p>Redacci\u00f3n\/Zona\nRoja.<\/p>\n\n\n\n<p>Oaxaca de Ju\u00e1rez, Oax. 24 de junio de 2020.- Oaxaca lleg\u00f3 a los cuatro mil 426 positivos de Covid-19, al registrar este mi\u00e9rcoles 24 de junio, 202 casos nuevos de la enfermedad; tambi\u00e9n suma 510 fallecimientos, 14 m\u00e1s que el d\u00eda de ayer.<\/p>\n\n\n\n<p>La dependencia Servicios Salud de la entidad, detall\u00f3 adem\u00e1s que de los pacientes confirmados con el nuevo virus, 862 son de trabajadores de la salud, que corresponden a 308 m\u00e9dicos, 355 profesionales de enfermer\u00eda y 199 de trabajadores de otros perfiles. Es decir, el 19.47% de contagiados por coronavirus corresponde a quienes d\u00eda con d\u00eda luchan contra la pandemia desde los hospitales.<\/p>\n\n\n\n<p>En un comunicado, expuso que el 78% de los decesos por la pandemia (400), corresponde a personas mayores de 50 a\u00f1os, grupo de la poblaci\u00f3n con mayor riesgo por su inmunidad reducida y porque poseen una mayor incidencia de enfermedades cr\u00f3nicas como: la diabetes mellitus, hipertensi\u00f3n arterial u obesidad.<\/p>\n\n\n\n<figure class=\"wp-block-image\"><img decoding=\"async\" width=\"862\" height=\"486\" src=\"http:\/\/www.zonaroja.com.mx\/wp-content\/uploads\/2020\/06\/SSO-2-3-1.jpeg\" alt=\"\" class=\"wp-image-14213\" srcset=\"https:\/\/zonaroja.com.mx\/wp-content\/uploads\/2020\/06\/SSO-2-3-1.jpeg 862w, https:\/\/zonaroja.com.mx\/wp-content\/uploads\/2020\/06\/SSO-2-3-1-300x169.jpeg 300w, https:\/\/zonaroja.com.mx\/wp-content\/uploads\/2020\/06\/SSO-2-3-1-768x433.jpeg 768w, https:\/\/zonaroja.com.mx\/wp-content\/uploads\/2020\/06\/SSO-2-3-1-585x330.jpeg 585w\" sizes=\"(max-width: 862px) 100vw, 862px\" \/><\/figure>\n\n\n\n<p>Puntualiz\u00f3\nque la parte activa de la epidemia en el estado es de 569 pacientes, que se han\nregistrado desde hace 14 d\u00edas, principalmente en los municipios de: Oaxaca de\nJu\u00e1rez con 137 casos, San Juan Bautista Tuxtepec con 84, Santa Cruz Xoxocotl\u00e1n\ncon 40, Santa Luc\u00eda del Camino con 24, Heroica Ciudad de Huajuapan de Le\u00f3n con\n22, Putla Villa de Guerrero con 17 reportes, entre otros.<\/p>\n\n\n\n<p>Detall\u00f3\nque hasta el momento, del total de personas que se han contagiado desde el\ninicio de la emergencia sanitaria, mil 207 han requerido hospitalizaci\u00f3n y tres\nmil 219 se han atendido de forma ambulatoria. Se tiene mil 014 casos en espera\nde resultados y tres mil 347 personas que se han recuperado del padecimiento.<\/p>\n\n\n\n<p>En el\nconteo local, Valles Centrales lleg\u00f3 a los tres mil 068 casos de la enfermedad,\nen segundo lugar est\u00e1 Tuxtepec con 581, el Istmo presenta 262, la Mixteca tiene\nlos mismos contagios que el d\u00eda de ayer 244, la Costa 170 y la Sierra (Norte)\nllega a los 101.<\/p>\n","protected":false},"excerpt":{"rendered":"<p>Redacci\u00f3n\/Zona Roja. Oaxaca de Ju\u00e1rez, Oax. 24 de junio de 2020.- Oaxaca lleg\u00f3 a los&hellip;<\/p>\n","protected":false},"author":2,"featured_media":14214,"comment_status":"closed","ping_status":"open","sticky":false,"template":"","format":"standard","meta":{"_lmt_disableupdate":"","_lmt_disable":"","_jetpack_memberships_contains_paid_content":false,"footnotes":""},"categories":[109,47],"tags":[1512],"class_list":["post-14212","post","type-post","status-publish","format-standard","has-post-thumbnail","hentry","category-minuto-a-minuto","category-zona-gris","tag-coronavirus-oaxaca"],"jetpack_featured_media_url":"https:\/\/zonaroja.com.mx\/wp-content\/uploads\/2020\/06\/SSO-1-4-1.jpeg","jetpack_sharing_enabled":true,"_links":{"self":[{"href":"https:\/\/zonaroja.com.mx\/index.php?rest_route=\/wp\/v2\/posts\/14212","targetHints":{"allow":["GET"]}}],"collection":[{"href":"https:\/\/zonaroja.com.mx\/index.php?rest_route=\/wp\/v2\/posts"}],"about":[{"href":"https:\/\/zonaroja.com.mx\/index.php?rest_route=\/wp\/v2\/types\/post"}],"author":[{"embeddable":true,"href":"https:\/\/zonaroja.com.mx\/index.php?rest_route=\/wp\/v2\/users\/2"}],"replies":[{"embeddable":true,"href":"https:\/\/zonaroja.com.mx\/index.php?rest_route=%2Fwp%2Fv2%2Fcomments&post=14212"}],"version-history":[{"count":2,"href":"https:\/\/zonaroja.com.mx\/index.php?rest_route=\/wp\/v2\/posts\/14212\/revisions"}],"predecessor-version":[{"id":14225,"href":"https:\/\/zonaroja.com.mx\/index.php?rest_route=\/wp\/v2\/posts\/14212\/revisions\/14225"}],"wp:featuredmedia":[{"embeddable":true,"href":"https:\/\/zonaroja.com.mx\/index.php?rest_route=\/wp\/v2\/media\/14214"}],"wp:attachment":[{"href":"https:\/\/zonaroja.com.mx\/index.php?rest_route=%2Fwp%2Fv2%2Fmedia&parent=14212"}],"wp:term":[{"taxonomy":"category","embeddable":true,"href":"https:\/\/zonaroja.com.mx\/index.php?rest_route=%2Fwp%2Fv2%2Fcategories&post=14212"},{"taxonomy":"post_tag","embeddable":true,"href":"https:\/\/zonaroja.com.mx\/index.php?rest_route=%2Fwp%2Fv2%2Ftags&post=14212"}],"curies":[{"name":"wp","href":"https:\/\/api.w.org\/{rel}","templated":true}]}}