{"id":14216,"date":"2020-06-24T21:27:28","date_gmt":"2020-06-25T02:27:28","guid":{"rendered":"http:\/\/www.zonaroja.com.mx\/?p=14216"},"modified":"2020-06-24T21:27:31","modified_gmt":"2020-06-25T02:27:31","slug":"atencion-a-zona-huave-y-apoyo-a-damnificados-por-sismo-demanda-congreso","status":"publish","type":"post","link":"https:\/\/zonaroja.com.mx\/?p=14216","title":{"rendered":"Atenci\u00f3n a zona huave y apoyo a damnificados por sismo, demanda Congreso"},"content":{"rendered":"\n<p>Redacci\u00f3n\/Zona\nRoja.<\/p>\n\n\n\n<p>Oaxaca de\nJu\u00e1ez, Oax., 24 de junio de 2020.- El Congreso del Estado de Oaxaca respald\u00f3 la\nsolicitud realizada por el Ejecutivo estatal, para que autoridades federales\nemitan una Declaratoria de Emergencia y se atiendan los da\u00f1os materiales, la\ninfraestructura da\u00f1ada y a los damnificados que dej\u00f3 el sismo ocurrido este\nmartes, 23 de junio, con epicentro en La Crucecita, Huatulco.<\/p>\n\n\n\n<p>En sesi\u00f3n\nvirtual ordinaria de este d\u00eda, el presidente de la Diputaci\u00f3n Permanente, el\ndiputado, Luis Alfonso Silva Romo, tambi\u00e9n solicit\u00f3 a las autoridades federales\ny estatales, realizar un censo confiable de las personas damnificadas.<\/p>\n\n\n\n<p>Record\u00f3\nque en los sismos registrados en 2017, que ameritaron dicho programa federal,\nmuchas personas no fueron censadas y, por consiguiente, no recibieron apoyos de\nlos gobiernos federal y estatal.<\/p>\n\n\n\n<p>Asimismo,\nla diputada Yarith Tannos Cruz, respald\u00f3 la solicitud de Declaratoria de\nEmergencia formulada por el gobernador de Oaxaca, para atender da\u00f1os materiales\nen 50 municipios que inicialmente resultaron con afectaciones.<\/p>\n\n\n\n<p>En su\nintervenci\u00f3n, el congresista Oth\u00f3n Cuevas C\u00f3rdova hizo eco al posicionamiento\nde la legisladora, para conseguir apoyos a las familias damnificadas que est\u00e1n\nen una situaci\u00f3n vulnerable en la sierra sur y costa.<\/p>\n\n\n\n<p>Respecto\na la masacre en San Mateo del Mar, sucedida entre la noche y madrugada de los\nd\u00edas 21 y 22 de junio, se formul\u00f3 un urgente llamado a la Fiscal\u00eda General del\nEstado, para que agilice las investigaciones sobre los cr\u00edmenes perpetrados, y\nse castigue a los responsables.<\/p>\n\n\n\n<p>De igual\nforma, se emplaz\u00f3 al jefe del Poder Ejecutivo estatal y a las instancias\ncorrespondientes para que se atiendan y resuelvan con prontitud y sensibilidad\nlos conflictos poselectorales o de elecci\u00f3n de autoridades, a fin de evitar\ntragedias como por la que atraviesan habitantes de esta comunidad ikoot, donde\nresultaron 15 personas fallecidas, entre ellas dos mujeres.<\/p>\n\n\n\n<p>\u201cNo\npodemos permitir que grupos delincuenciales, o caciques locales intenten\nsecuestrar el desarrollo de los pueblos e intenten imponer su voluntad, y que\nel gran sue\u00f1o del desarrollo de los pueblos ind\u00edgenas se vea opacado por estos\nactos violentos\u201d, expres\u00f3 Luis Alfonso Silva, presidente de la Diputaci\u00f3n\nPermanente.<\/p>\n","protected":false},"excerpt":{"rendered":"<p>Redacci\u00f3n\/Zona Roja. Oaxaca de Ju\u00e1ez, Oax., 24 de junio de 2020.- El Congreso del Estado&hellip;<\/p>\n","protected":false},"author":2,"featured_media":14217,"comment_status":"closed","ping_status":"open","sticky":false,"template":"","format":"standard","meta":{"_lmt_disableupdate":"","_lmt_disable":"","_jetpack_memberships_contains_paid_content":false,"footnotes":""},"categories":[109,47],"tags":[213],"class_list":["post-14216","post","type-post","status-publish","format-standard","has-post-thumbnail","hentry","category-minuto-a-minuto","category-zona-gris","tag-64-legislatura-de-oaxaca"],"jetpack_featured_media_url":"https:\/\/zonaroja.com.mx\/wp-content\/uploads\/2020\/06\/Diputaci\u00f3n-permanente.jpg","jetpack_sharing_enabled":true,"_links":{"self":[{"href":"https:\/\/zonaroja.com.mx\/index.php?rest_route=\/wp\/v2\/posts\/14216","targetHints":{"allow":["GET"]}}],"collection":[{"href":"https:\/\/zonaroja.com.mx\/index.php?rest_route=\/wp\/v2\/posts"}],"about":[{"href":"https:\/\/zonaroja.com.mx\/index.php?rest_route=\/wp\/v2\/types\/post"}],"author":[{"embeddable":true,"href":"https:\/\/zonaroja.com.mx\/index.php?rest_route=\/wp\/v2\/users\/2"}],"replies":[{"embeddable":true,"href":"https:\/\/zonaroja.com.mx\/index.php?rest_route=%2Fwp%2Fv2%2Fcomments&post=14216"}],"version-history":[{"count":1,"href":"https:\/\/zonaroja.com.mx\/index.php?rest_route=\/wp\/v2\/posts\/14216\/revisions"}],"predecessor-version":[{"id":14218,"href":"https:\/\/zonaroja.com.mx\/index.php?rest_route=\/wp\/v2\/posts\/14216\/revisions\/14218"}],"wp:featuredmedia":[{"embeddable":true,"href":"https:\/\/zonaroja.com.mx\/index.php?rest_route=\/wp\/v2\/media\/14217"}],"wp:attachment":[{"href":"https:\/\/zonaroja.com.mx\/index.php?rest_route=%2Fwp%2Fv2%2Fmedia&parent=14216"}],"wp:term":[{"taxonomy":"category","embeddable":true,"href":"https:\/\/zonaroja.com.mx\/index.php?rest_route=%2Fwp%2Fv2%2Fcategories&post=14216"},{"taxonomy":"post_tag","embeddable":true,"href":"https:\/\/zonaroja.com.mx\/index.php?rest_route=%2Fwp%2Fv2%2Ftags&post=14216"}],"curies":[{"name":"wp","href":"https:\/\/api.w.org\/{rel}","templated":true}]}}