{"id":14219,"date":"2020-06-25T09:00:21","date_gmt":"2020-06-25T14:00:21","guid":{"rendered":"http:\/\/www.zonaroja.com.mx\/?p=14219"},"modified":"2020-06-25T08:14:32","modified_gmt":"2020-06-25T13:14:32","slug":"diversas-ong-del-pais-se-unen-para-exigir-justicia-por-masacre-en-huazantlan","status":"publish","type":"post","link":"https:\/\/zonaroja.com.mx\/?p=14219","title":{"rendered":"Diversas ONG del pa\u00eds se unen para exigir justicia por masacre en Huazantl\u00e1n"},"content":{"rendered":"\n<p>Yuridiana\nSosa\/Zona Roja.<\/p>\n\n\n\n<p>Oaxaca de\nJu\u00e1rez, Oax., 25 de junio de 2020.- Organizaciones sociales y sindicatos\nestatales y nacionales exigieron a los gobiernos estatal y federal justicia por\nlos asesinatos, heridos y desaparici\u00f3n de personas en San Mateo del Mar durante\nel ataque ocurridos la noche del 21 de junio y la madrugada del d\u00eda 22.<\/p>\n\n\n\n<p>Cerca de\nuna veintena de grupos sociales por la defensa de los derechos humanos se\nunieron en respaldo de las v\u00edctimas de los hechos violentos en la agencia de\nHauzantl\u00e1n del R\u00edo, en los que 15 personas fueron masacradas y m\u00e1s de una\ndocena de pobladores siguen desaparecidos.<\/p>\n\n\n\n<p>Organizaciones\ncomo la Coordinadora Estatal de Impulso y Bienestar Aut\u00f3ctono (CEIBA), la\nCoordinaci\u00f3n Estatal de los Pueblos de Oaxaca (CEPO), Coordinaci\u00f3n Multilateral\nMagisterial y la representaci\u00f3n de la CNTE en Oaxaca, entre otras, demandaron a\nla Fiscal\u00eda General de Oaxaca y Fiscal\u00eda General de la Rep\u00fablica castigo inmediato\npara los responsables.<\/p>\n\n\n\n<p>Sentenciaron\nque de no haber justicia \u201cla protesta en las calles ser\u00e1 inevitable\u201d, por lo\nque estar\u00e1n vigilantes de la actuaci\u00f3n las autoridades de justicia para evitar\nla dosificaci\u00f3n de la justicia o la implementaci\u00f3n de \u201cchivos expiatorios\u201d.<\/p>\n\n\n\n<p>En un\ncomunicado, las asociaciones y organizaciones indicaron que la masacre en San\nMateo del Mar no es un hecho aislado en Oaxaca, pues cada vez son m\u00e1s los\npueblos y ciudadanos que sufren actos como ese, as\u00ed como de injusticia.<\/p>\n\n\n\n<p>Las m\u00faltiples\ntragedias, citaron, \u201cnos indican con claridad que en la entidad oaxaque\u00f1a hay\ngraves fallas estructurales y un estado fallido en materia de seguridad\np\u00fablica, procuraci\u00f3n e impartici\u00f3n de justicia\u201d.<\/p>\n\n\n\n<p>Adem\u00e1s,\nasentaron que la tragedia contra el pueblo ikoot revela la incapacidad e\nindolencia de los tres niveles de gobierno para brindar seguridad y justicia a\nlos pueblos de Oaxaca ante cacicazgos ancestrales.<\/p>\n\n\n\n<p>Entre\notros que firman el documento se encuentra el Movimiento Democr\u00e1tico\nIndependiente por los Derechos Humanos de Oaxaca, Comisariado de Bienes\nComunales de Santiago Cacaloxtepec, Frente Democr\u00e1tico Magisterial del Istmo,\nUni\u00f3n de Oaxaque\u00f1os Radicados en Ciudad Neza, Movimiento de Izquierda Revolucionario\ny Movimiento Unificador Democr\u00e1tico Sindical.<\/p>\n","protected":false},"excerpt":{"rendered":"<p>Yuridiana Sosa\/Zona Roja. Oaxaca de Ju\u00e1rez, Oax., 25 de junio de 2020.- Organizaciones sociales y&hellip;<\/p>\n","protected":false},"author":2,"featured_media":14220,"comment_status":"closed","ping_status":"open","sticky":false,"template":"","format":"standard","meta":{"_lmt_disableupdate":"","_lmt_disable":"","_jetpack_memberships_contains_paid_content":false,"footnotes":""},"categories":[109,51],"tags":[1656,605],"class_list":["post-14219","post","type-post","status-publish","format-standard","has-post-thumbnail","hentry","category-minuto-a-minuto","category-zona-roja","tag-huazantlan-del-rio","tag-san-mateo-del-mar"],"jetpack_featured_media_url":"https:\/\/zonaroja.com.mx\/wp-content\/uploads\/2020\/06\/B\u00fasqueda-Huazantl\u00e1n.jpg","jetpack_sharing_enabled":true,"_links":{"self":[{"href":"https:\/\/zonaroja.com.mx\/index.php?rest_route=\/wp\/v2\/posts\/14219","targetHints":{"allow":["GET"]}}],"collection":[{"href":"https:\/\/zonaroja.com.mx\/index.php?rest_route=\/wp\/v2\/posts"}],"about":[{"href":"https:\/\/zonaroja.com.mx\/index.php?rest_route=\/wp\/v2\/types\/post"}],"author":[{"embeddable":true,"href":"https:\/\/zonaroja.com.mx\/index.php?rest_route=\/wp\/v2\/users\/2"}],"replies":[{"embeddable":true,"href":"https:\/\/zonaroja.com.mx\/index.php?rest_route=%2Fwp%2Fv2%2Fcomments&post=14219"}],"version-history":[{"count":2,"href":"https:\/\/zonaroja.com.mx\/index.php?rest_route=\/wp\/v2\/posts\/14219\/revisions"}],"predecessor-version":[{"id":14229,"href":"https:\/\/zonaroja.com.mx\/index.php?rest_route=\/wp\/v2\/posts\/14219\/revisions\/14229"}],"wp:featuredmedia":[{"embeddable":true,"href":"https:\/\/zonaroja.com.mx\/index.php?rest_route=\/wp\/v2\/media\/14220"}],"wp:attachment":[{"href":"https:\/\/zonaroja.com.mx\/index.php?rest_route=%2Fwp%2Fv2%2Fmedia&parent=14219"}],"wp:term":[{"taxonomy":"category","embeddable":true,"href":"https:\/\/zonaroja.com.mx\/index.php?rest_route=%2Fwp%2Fv2%2Fcategories&post=14219"},{"taxonomy":"post_tag","embeddable":true,"href":"https:\/\/zonaroja.com.mx\/index.php?rest_route=%2Fwp%2Fv2%2Ftags&post=14219"}],"curies":[{"name":"wp","href":"https:\/\/api.w.org\/{rel}","templated":true}]}}