{"id":14226,"date":"2020-06-25T08:11:36","date_gmt":"2020-06-25T13:11:36","guid":{"rendered":"http:\/\/www.zonaroja.com.mx\/?p=14226"},"modified":"2020-06-25T08:13:12","modified_gmt":"2020-06-25T13:13:12","slug":"identifican-a-victimas-de-huazantlan-tres-dias-despues-entregan-cuerpos","status":"publish","type":"post","link":"https:\/\/zonaroja.com.mx\/?p=14226","title":{"rendered":"Identifican a v\u00edctimas de Huazantl\u00e1n; tres d\u00edas despu\u00e9s entregan cuerpos"},"content":{"rendered":"\n<p>Redacci\u00f3n\/Zona\nRoja.<\/p>\n\n\n\n<p>Oaxaca de\nJu\u00e1rez, Oax., 25 de junio de 2020.- Tres d\u00edas despu\u00e9s de la masacre, ayer se\ntermin\u00f3 de entregar a sus familiares los cuerpos de las 15 personas masacradas\nen Huazantl\u00e1n del R\u00edo, San Mateo del Mar, que adem\u00e1s ya fueron identificadas\nlegalmente.<\/p>\n\n\n\n<p>En tanto,\nla Fiscal\u00eda General del Estado de Oaxaca precis\u00f3 a trav\u00e9s de sus redes sociales,\nque tras una b\u00fasqueda, se corrobor\u00f3 que no hay m\u00e1s cad\u00e1veres que el n\u00famero dado\na conocer desde el lunes; ayer familiares hab\u00edan indicado que hab\u00eda otros dos\nasesinados m\u00e1s.<\/p>\n\n\n\n<p>Las v\u00edctimas respond\u00edan a los nombres de Okas Marissa Rangel Oviedo, Rub\u00e9n Abasolo Moctezuma, Mart\u00edn Alfredo Rangel Guti\u00e9rrez, Aquino Roldan Oronoz, Argelia Hern\u00e1ndez Villanueva, Eduardo montero Cort\u00e9s, Nehem\u00edas Baloes Iturrigaray.<\/p>\n\n\n\n<figure class=\"wp-block-embed-twitter wp-block-embed is-type-rich is-provider-twitter\"><div class=\"wp-block-embed__wrapper\">\n<div class=\"twitter-tweet\"><blockquote class=\"twitter-tweet\" data-lang=\"es\"><p lang=\"es\" dir=\"ltr\"><a href=\"https:\/\/twitter.com\/hashtag\/Istmo?src=hash&amp;ref_src=twsrc%5Etfw\">#Istmo<\/a>| La <a href=\"https:\/\/twitter.com\/FISCALIA_GobOax?ref_src=twsrc%5Etfw\">@FISCALIA_GobOax<\/a> confirma que tras realizar un operativo de b\u00fasqueda de cuerpos en la zona de <a href=\"https:\/\/twitter.com\/hashtag\/SanMateoDelMar?src=hash&amp;ref_src=twsrc%5Etfw\">#SanMateoDelMar<\/a>, NO hay m\u00e1s v\u00edctimas que las dadas a conocer por la instituci\u00f3n el pasado lunes, mismas que ya fueron identificadas. (1\/2)<a href=\"https:\/\/twitter.com\/Betillocruz?ref_src=twsrc%5Etfw\">@Betillocruz<\/a> <a href=\"https:\/\/twitter.com\/julioastillero?ref_src=twsrc%5Etfw\">@julioastillero<\/a> <a href=\"https:\/\/t.co\/wgFnI8ozQM\">pic.twitter.com\/wgFnI8ozQM<\/a><\/p>&mdash; Fiscal\u00eda General (@FISCALIA_GobOax) <a href=\"https:\/\/twitter.com\/FISCALIA_GobOax\/status\/1275910580432486400?ref_src=twsrc%5Etfw\">24 de junio de 2020<\/a><\/blockquote><\/div>\n<\/div><\/figure>\n\n\n\n<p>Pascual\nLarrinzal Flores, Mario Alberto Villalobos Sumano, Hip\u00f3lito Lobos Escand\u00f3n,\nAlejandro Hurtado Serret, Carlos Alberto Bautista Garao, Heleno Gij\u00f3n Valle y\nRoberto Zaragoza Galabiz.<\/p>\n\n\n\n<p>Okas\nMarissa hab\u00eda denunciado en la capital las vejaciones que hab\u00eda sufrido y hab\u00eda\npedido medicas cautelares a la Defensor\u00eda de los Derechos Humanos del Pueblo de\nOaxaca. <\/p>\n\n\n\n<p>Era hija\nde Mart\u00edn Alfredo Rangel, quien en 2017 hab\u00eda sido se\u00f1alado de secuestrar a un\nfamiliar de Camerino D\u00e1valos.\n\nHasta el momento no hay ninguna persona detenida\npor la masacre perpetrada entre la noche del domingo 21 de junio y la madrugada\ndel lunes 22\n\n\n\n<\/p>\n","protected":false},"excerpt":{"rendered":"<p>Redacci\u00f3n\/Zona Roja. Oaxaca de Ju\u00e1rez, Oax., 25 de junio de 2020.- Tres d\u00edas despu\u00e9s de&hellip;<\/p>\n","protected":false},"author":2,"featured_media":14114,"comment_status":"closed","ping_status":"open","sticky":false,"template":"","format":"standard","meta":{"_lmt_disableupdate":"","_lmt_disable":"","_jetpack_memberships_contains_paid_content":false,"footnotes":""},"categories":[109,51],"tags":[1656,605],"class_list":["post-14226","post","type-post","status-publish","format-standard","has-post-thumbnail","hentry","category-minuto-a-minuto","category-zona-roja","tag-huazantlan-del-rio","tag-san-mateo-del-mar"],"jetpack_featured_media_url":"https:\/\/zonaroja.com.mx\/wp-content\/uploads\/2020\/06\/Masacrados-San-Mateo-del-Mar-2.jpg","jetpack_sharing_enabled":true,"_links":{"self":[{"href":"https:\/\/zonaroja.com.mx\/index.php?rest_route=\/wp\/v2\/posts\/14226","targetHints":{"allow":["GET"]}}],"collection":[{"href":"https:\/\/zonaroja.com.mx\/index.php?rest_route=\/wp\/v2\/posts"}],"about":[{"href":"https:\/\/zonaroja.com.mx\/index.php?rest_route=\/wp\/v2\/types\/post"}],"author":[{"embeddable":true,"href":"https:\/\/zonaroja.com.mx\/index.php?rest_route=\/wp\/v2\/users\/2"}],"replies":[{"embeddable":true,"href":"https:\/\/zonaroja.com.mx\/index.php?rest_route=%2Fwp%2Fv2%2Fcomments&post=14226"}],"version-history":[{"count":3,"href":"https:\/\/zonaroja.com.mx\/index.php?rest_route=\/wp\/v2\/posts\/14226\/revisions"}],"predecessor-version":[{"id":28807,"href":"https:\/\/zonaroja.com.mx\/index.php?rest_route=\/wp\/v2\/posts\/14226\/revisions\/28807"}],"wp:featuredmedia":[{"embeddable":true,"href":"https:\/\/zonaroja.com.mx\/index.php?rest_route=\/wp\/v2\/media\/14114"}],"wp:attachment":[{"href":"https:\/\/zonaroja.com.mx\/index.php?rest_route=%2Fwp%2Fv2%2Fmedia&parent=14226"}],"wp:term":[{"taxonomy":"category","embeddable":true,"href":"https:\/\/zonaroja.com.mx\/index.php?rest_route=%2Fwp%2Fv2%2Fcategories&post=14226"},{"taxonomy":"post_tag","embeddable":true,"href":"https:\/\/zonaroja.com.mx\/index.php?rest_route=%2Fwp%2Fv2%2Ftags&post=14226"}],"curies":[{"name":"wp","href":"https:\/\/api.w.org\/{rel}","templated":true}]}}