{"id":14230,"date":"2020-06-25T13:47:16","date_gmt":"2020-06-25T18:47:16","guid":{"rendered":"http:\/\/www.zonaroja.com.mx\/?p=14230"},"modified":"2020-06-25T13:47:19","modified_gmt":"2020-06-25T18:47:19","slug":"advierte-diputada-contubernio-entre-gobierno-y-empresas-para-continuar-con-uso-de-pet","status":"publish","type":"post","link":"https:\/\/zonaroja.com.mx\/?p=14230","title":{"rendered":"Advierte diputada contubernio entre gobierno y empresas para continuar con uso de PET"},"content":{"rendered":"\n<p>Redacci\u00f3n\/Zona\nRoja.<\/p>\n\n\n\n<p>Oaxaca de\nJu\u00e1rez, Oax., 25 de junio de 2020.- El mi\u00e9rcoles 10 de abril del 2019, el\nCongreso de Oaxaca aprob\u00f3 una iniciativa del diputado Horacio Sosa, de Morena,\ncon diversas reformas y adiciones a la Ley para la Prevenci\u00f3n y Gesti\u00f3n\nIntegral de los Residuos S\u00f3lidos, que proh\u00edben en todo el estado de la venta,\ndistribuci\u00f3n o uso de botellas desechables de pl\u00e1stico, as\u00ed como de envases y\nembalajes desechables de unicel, con el fin de prevenir la contaminaci\u00f3n\nambiental que generan esos materiales.<\/p>\n\n\n\n<p>Esta\nprohibici\u00f3n, de acuerdo con el decreto original, entrar\u00eda en vigor el pasado 22\nde diciembre para las grandes y medianas empresas que comercialicen\ndirectamente al consumidor final, as\u00ed como las empresas de cualquier tama\u00f1o que\ndistribuyan antes de su venta al consumidor final productos con envases\ndesechables de PET o de unicel.<\/p>\n\n\n\n<p>Sin\nembargo, distintas c\u00e1maras de comercio y agrupaciones de industriales se\nacercaron al Congreso del Estado, inicialmente en la b\u00fasqueda de una\ncontrarreforma y posteriormente para manifestar su voluntad de cumplir\ncabalmente con la norma, pero solicitando una pr\u00f3rroga para ello, por considerar\ninsuficiente el periodo de gracia de seis meses previsto en el decreto\noriginal.<\/p>\n\n\n\n<p>Por lo\nanterior, con fecha 8 de enero del 2020, el Congreso aprob\u00f3 una ampliaci\u00f3n de\nseis meses al plazo inicial para que las grandes y medianas empresas pudieran\nterminar con el total de producto que manten\u00edan en inventario. <\/p>\n\n\n\n<p>Esta\niniciativa cont\u00f3 con el apoyo del conjunto del Poder Legislativo y fue aprobada\ncomo asunto de urgente y obvia resoluci\u00f3n por la totalidad de las diputadas y\nlos diputados presentes, de los distintos grupos parlamentarios.<\/p>\n\n\n\n<p>Sin\nembargo, hasta el d\u00eda de hoy el Gobierno del Estado no ha publicado el decreto\nde referencia, por lo que formalmente no ha comenzado a correr el plazo de la\nampliaci\u00f3n, por lo tanto, est\u00e1 vigente el decreto anterior en donde se\nestablece que el plazo para las grandes y medianas empresas feneci\u00f3 el 22 de\ndiciembre.<\/p>\n\n\n\n<p>En raz\u00f3n\nde lo anterior, la diputada Magaly L\u00f3pez se\u00f1al\u00f3 que la Secretar\u00eda del Medio\nAmbiente, Energ\u00edas y Desarrollo Sustentable (Semaedeso) del gobierno estatal,\nque encabeza Samuel Gurri\u00f3n Mat\u00edas,&nbsp; no\nha realizado ninguna clausura, ni impuesto alguna multa, ni realizado acci\u00f3n\nalguna frente a la violaci\u00f3n a la Ley para la Prevenci\u00f3n y Gesti\u00f3n Integral de\nlos Residuos S\u00f3lidos, que proh\u00edbe la venta de bebidas en envases desechables de\nPET, as\u00ed como los productos en envase o embalaje de unicel en Oaxaca.<\/p>\n\n\n\n<p>\u201cLa\nargucia jur\u00eddica parece obvia: retrasar la publicaci\u00f3n del decreto hasta que\nsea posible, para comenzar entonces a contabilizar los seis meses de pr\u00f3rroga.\nEste hecho muestra claramente el contubernio&nbsp;\nentre el Gobierno del Estado y la industria de los refrescos y alimentos\nenvasados, y deja claro que el gobierno del estado no vela por los intereses de\nla ciudadan\u00eda oaxaque\u00f1a, sino por el dinero de los grandes capitales\u201d, se\u00f1al\u00f3\nla Legisladora Magaly L\u00f3pez. <\/p>\n\n\n\n<p>La diputada\nde Morena pidi\u00f3 a la Semaedeso informar sobre las acciones que haya realizado\nfrente a la violaci\u00f3n a la Ley para la Prevenci\u00f3n y Gesti\u00f3n Integral de los\nResiduos S\u00f3lidos, del 22 de diciembre de 2019 a la fecha. <\/p>\n\n\n\n<p>De igual\nforma, demand\u00f3 al Gobierno del Estado dejar sin efecto la notificaci\u00f3n por la\ncual se le ordena la publicaci\u00f3n del decreto 1188, del 8 de enero de 2020, con\nel que se otorgar\u00eda la pr\u00f3rroga de seis meses a las empresas.<\/p>\n","protected":false},"excerpt":{"rendered":"<p>Redacci\u00f3n\/Zona Roja. Oaxaca de Ju\u00e1rez, Oax., 25 de junio de 2020.- El mi\u00e9rcoles 10 de&hellip;<\/p>\n","protected":false},"author":2,"featured_media":7286,"comment_status":"closed","ping_status":"open","sticky":false,"template":"","format":"standard","meta":{"_lmt_disableupdate":"","_lmt_disable":"","_jetpack_memberships_contains_paid_content":false,"footnotes":""},"categories":[109,47],"tags":[192],"class_list":["post-14230","post","type-post","status-publish","format-standard","has-post-thumbnail","hentry","category-minuto-a-minuto","category-zona-gris","tag-diputada-magaly-lopez-dominguez"],"jetpack_featured_media_url":"https:\/\/zonaroja.com.mx\/wp-content\/uploads\/2020\/01\/pl\u00e1sticos.jpg","jetpack_sharing_enabled":true,"_links":{"self":[{"href":"https:\/\/zonaroja.com.mx\/index.php?rest_route=\/wp\/v2\/posts\/14230","targetHints":{"allow":["GET"]}}],"collection":[{"href":"https:\/\/zonaroja.com.mx\/index.php?rest_route=\/wp\/v2\/posts"}],"about":[{"href":"https:\/\/zonaroja.com.mx\/index.php?rest_route=\/wp\/v2\/types\/post"}],"author":[{"embeddable":true,"href":"https:\/\/zonaroja.com.mx\/index.php?rest_route=\/wp\/v2\/users\/2"}],"replies":[{"embeddable":true,"href":"https:\/\/zonaroja.com.mx\/index.php?rest_route=%2Fwp%2Fv2%2Fcomments&post=14230"}],"version-history":[{"count":1,"href":"https:\/\/zonaroja.com.mx\/index.php?rest_route=\/wp\/v2\/posts\/14230\/revisions"}],"predecessor-version":[{"id":14231,"href":"https:\/\/zonaroja.com.mx\/index.php?rest_route=\/wp\/v2\/posts\/14230\/revisions\/14231"}],"wp:featuredmedia":[{"embeddable":true,"href":"https:\/\/zonaroja.com.mx\/index.php?rest_route=\/wp\/v2\/media\/7286"}],"wp:attachment":[{"href":"https:\/\/zonaroja.com.mx\/index.php?rest_route=%2Fwp%2Fv2%2Fmedia&parent=14230"}],"wp:term":[{"taxonomy":"category","embeddable":true,"href":"https:\/\/zonaroja.com.mx\/index.php?rest_route=%2Fwp%2Fv2%2Fcategories&post=14230"},{"taxonomy":"post_tag","embeddable":true,"href":"https:\/\/zonaroja.com.mx\/index.php?rest_route=%2Fwp%2Fv2%2Ftags&post=14230"}],"curies":[{"name":"wp","href":"https:\/\/api.w.org\/{rel}","templated":true}]}}