{"id":14232,"date":"2020-06-25T14:54:23","date_gmt":"2020-06-25T19:54:23","guid":{"rendered":"http:\/\/www.zonaroja.com.mx\/?p=14232"},"modified":"2020-06-25T14:54:27","modified_gmt":"2020-06-25T19:54:27","slug":"antorcha-campesina-niega-ataques-contra-mixtepec-y-denuncia-omision-de-fiscalia","status":"publish","type":"post","link":"https:\/\/zonaroja.com.mx\/?p=14232","title":{"rendered":"Antorcha Campesina niega ataques contra Mixtepec y denuncia omisi\u00f3n de Fiscal\u00eda"},"content":{"rendered":"\n<p>Yuridiana\nSosa\/Zona Roja.<\/p>\n\n\n\n<p>Oaxaca de\nJu\u00e1rez, Oax., 25 de junio de 2020.- Pobladores de Santo Domingo Yoso\u00f1ama e\nintegrantes de Antorcha Campesina se movilizaron hoy en la capital de Oaxaca para\nexigir audiencia con el gobernador Alejandro Murat y desmentir un supuesto\nataque de su parte contra San Juan Mixtepec, el pasado 17 de junio.<\/p>\n\n\n\n<p>Los\npobladores de la regi\u00f3n Mixteca y de colonias populares de la ciudad, adheridos\na esa organizaci\u00f3n, llegaron a Palacio de Gobierno, donde efectuaron un mitin y\nluego se desplazaron a Casa Oficial, en la avenida Ju\u00e1rez, en el Centro\nHist\u00f3rico, tras no ser atendidos en el recinto del Poder Ejecutivo; frente a\ncasa oficial bloquearon la circulaci\u00f3n.<\/p>\n\n\n\n<p>Durante la movilizaci\u00f3n, negaron las acusaciones realizadas por las autoridades vecinas de San Juan Mixtepec, quienes denunciaron la privaci\u00f3n ilegal de la libertad de uno de sus habitantes por parte de pobladores de Yoso\u00f1ama, por lo que pidieron la intervenci\u00f3n de la Polic\u00eda Estatal y la Guardia Nacional.<\/p>\n\n\n\n<figure class=\"wp-block-embed-twitter wp-block-embed is-type-rich is-provider-twitter\"><div class=\"wp-block-embed__wrapper\">\n<div class=\"twitter-tweet\"><blockquote class=\"twitter-tweet\" data-lang=\"es\"><p lang=\"es\" dir=\"ltr\"><a href=\"https:\/\/twitter.com\/hashtag\/ENVIVO?src=hash&amp;ref_src=twsrc%5Etfw\">#ENVIVO<\/a><br>Oaxaca de Ju\u00e1rez, Oax., 25 de junio de 2020.- Militantes de la organizaci\u00f3n Antorcha Campesina exigen en el z\u00f3calo di\u00e1logo con el gobernador Alejandro Murat y denuncia omisiones de la Fiscal\u00eda General y la Secretar\u00eda General de Gobierno. <br>\ud83d\udc47<a href=\"https:\/\/t.co\/xw51IuBozl\">https:\/\/t.co\/xw51IuBozl<\/a> <a href=\"https:\/\/t.co\/dgPcu7EikP\">pic.twitter.com\/dgPcu7EikP<\/a><\/p>&mdash; Zona Roja Oaxaca (@MexRoja) <a href=\"https:\/\/twitter.com\/MexRoja\/status\/1276174005343567873?ref_src=twsrc%5Etfw\">25 de junio de 2020<\/a><\/blockquote><\/div>\n<\/div><\/figure>\n\n\n\n<p>La\ndirigencia de Antorcha Campesina encabezada por Dimas Romero, se\u00f1al\u00f3 que la\nFiscal\u00eda General de Oaxaca y la Secretar\u00eda General de Gobierno (Segego) se\nmantienen omisas ante los m\u00faltiples ataques armados a sus agremiados en la\nMixteca, y en el hecho recientemente denunciado por sus vecinos lo dan por\ncierto sin realizar una investigaci\u00f3n oportuna.<\/p>\n\n\n\n<p>\u201cDicen de\nun secuestro, de personas que ni existen\u201d, indicaron, por lo que exigen un\ndi\u00e1logo con el gobernador a fin de que tambi\u00e9n se esclarezcan una serie de\nhechos violentos y asesinatos que siguen impunes.<\/p>\n\n\n\n<p>\u201cLa Vicefiscal\u00eda Regional de la Mixteca envi\u00f3 un documento a la autoridad de Yoso\u00f1ama pidi\u00e9ndole\u00a0 entregara la supuesta persona desaparecida, y de no hacerlo, ser\u00eda culpable de los da\u00f1os a esa persona; la Vicefiscal\u00eda est\u00e1 culpando a una persona de un delito que no se ha comprobado; se est\u00e1 tomando como ciertos declaraciones en medios de comunicaci\u00f3n, esa es una violaci\u00f3n constitucional a los derechos\u201d, dijo el representante de Antorcha.<\/p>\n\n\n\n<figure class=\"wp-block-embed-twitter wp-block-embed is-type-rich is-provider-twitter\"><div class=\"wp-block-embed__wrapper\">\n<div class=\"twitter-tweet\"><blockquote class=\"twitter-tweet\" data-lang=\"es\"><p lang=\"es\" dir=\"ltr\"><a href=\"https:\/\/twitter.com\/hashtag\/%C3%9AltimoMinuto?src=hash&amp;ref_src=twsrc%5Etfw\">#\u00daltimoMinuto<\/a> <br>Tras el mitin en el z\u00f3calo de la ciudad de Oaxaca, militantes de Antorcha Campesina marchan hacia la Casa Oficial de Gobierno, para exigir una audiencia con el gobernador <a href=\"https:\/\/twitter.com\/alejandromurat?ref_src=twsrc%5Etfw\">@alejandromurat<\/a>. <a href=\"https:\/\/t.co\/bOF1PytODJ\">pic.twitter.com\/bOF1PytODJ<\/a><\/p>&mdash; Zona Roja Oaxaca (@MexRoja) <a href=\"https:\/\/twitter.com\/MexRoja\/status\/1276187147456909316?ref_src=twsrc%5Etfw\">25 de junio de 2020<\/a><\/blockquote><\/div>\n<\/div><\/figure>\n\n\n\n<p>\u201cSin prueba\nalguna, a Fiscal\u00eda toma partido y de manera deliberada, violando el debido\nproceso, intimida a trav\u00e9s de oficios tendenciosos a Santo Domingo Yoso\u00f1ama y\npermite que se genere un clima de linchamiento en contra de nuestros compa\u00f1eros\u201d,\nse\u00f1al\u00f3.<\/p>\n\n\n\n<p>Como los\nocurridos en 2010, cuando en mayo 39 campesinos de la agencia de Buena Vista\nfueron secuestrados por 72 d\u00edas y en diciembre un l\u00edder de Antorcha Campesina\nasesinado. A pesar de las pruebas sobre los presuntos responsables, no hay\njusticia.\n\nLos manifestantes minimizaron el contexto de la\ncontingencia sanitaria ante la aglomeraci\u00f3n en su movilizaci\u00f3n, pues se\u00f1alaron\nestar m\u00e1s preocupados por la violencia en su zona por l\u00edos de tierras, que por\ndicha enfermedad que ha dejado 29 decesos en la regi\u00f3n Mixteca y un acumulado de\n244 personas contagiadas\n\n\n\n<\/p>\n","protected":false},"excerpt":{"rendered":"<p>Yuridiana Sosa\/Zona Roja. Oaxaca de Ju\u00e1rez, Oax., 25 de junio de 2020.- Pobladores de Santo&hellip;<\/p>\n","protected":false},"author":2,"featured_media":14233,"comment_status":"closed","ping_status":"open","sticky":false,"template":"","format":"standard","meta":{"_lmt_disableupdate":"","_lmt_disable":"","_jetpack_memberships_contains_paid_content":false,"footnotes":""},"categories":[109,47],"tags":[1785],"class_list":["post-14232","post","type-post","status-publish","format-standard","has-post-thumbnail","hentry","category-minuto-a-minuto","category-zona-gris","tag-movimiento-antorcha-campesina"],"jetpack_featured_media_url":"https:\/\/zonaroja.com.mx\/wp-content\/uploads\/2020\/06\/Protesta-Antorcha-Campesina.png","jetpack_sharing_enabled":true,"_links":{"self":[{"href":"https:\/\/zonaroja.com.mx\/index.php?rest_route=\/wp\/v2\/posts\/14232","targetHints":{"allow":["GET"]}}],"collection":[{"href":"https:\/\/zonaroja.com.mx\/index.php?rest_route=\/wp\/v2\/posts"}],"about":[{"href":"https:\/\/zonaroja.com.mx\/index.php?rest_route=\/wp\/v2\/types\/post"}],"author":[{"embeddable":true,"href":"https:\/\/zonaroja.com.mx\/index.php?rest_route=\/wp\/v2\/users\/2"}],"replies":[{"embeddable":true,"href":"https:\/\/zonaroja.com.mx\/index.php?rest_route=%2Fwp%2Fv2%2Fcomments&post=14232"}],"version-history":[{"count":1,"href":"https:\/\/zonaroja.com.mx\/index.php?rest_route=\/wp\/v2\/posts\/14232\/revisions"}],"predecessor-version":[{"id":14234,"href":"https:\/\/zonaroja.com.mx\/index.php?rest_route=\/wp\/v2\/posts\/14232\/revisions\/14234"}],"wp:featuredmedia":[{"embeddable":true,"href":"https:\/\/zonaroja.com.mx\/index.php?rest_route=\/wp\/v2\/media\/14233"}],"wp:attachment":[{"href":"https:\/\/zonaroja.com.mx\/index.php?rest_route=%2Fwp%2Fv2%2Fmedia&parent=14232"}],"wp:term":[{"taxonomy":"category","embeddable":true,"href":"https:\/\/zonaroja.com.mx\/index.php?rest_route=%2Fwp%2Fv2%2Fcategories&post=14232"},{"taxonomy":"post_tag","embeddable":true,"href":"https:\/\/zonaroja.com.mx\/index.php?rest_route=%2Fwp%2Fv2%2Ftags&post=14232"}],"curies":[{"name":"wp","href":"https:\/\/api.w.org\/{rel}","templated":true}]}}