{"id":14241,"date":"2020-06-25T17:53:38","date_gmt":"2020-06-25T22:53:38","guid":{"rendered":"https:\/\/www.zonaroja.com.mx\/?p=14241"},"modified":"2020-06-25T17:54:33","modified_gmt":"2020-06-25T22:54:33","slug":"a-un-ano-de-impunidad-periodista-oaxaquena-sigue-autoexiliada-por-falta-de-justicia","status":"publish","type":"post","link":"https:\/\/zonaroja.com.mx\/?p=14241","title":{"rendered":"A un a\u00f1o de impunidad, periodista oaxaque\u00f1a sigue autoexiliada por falta de justicia"},"content":{"rendered":"\n<p>Evlin Arag\u00f3n\/Zona Roja.&nbsp;<\/p>\n\n\n\n<p>Oaxaca de Ju\u00e1rez, Oax., 25 de junio de 2020.- \u201cEn un gobierno que no solo simula la equidad de g\u00e9nero, sino que adem\u00e1s disfraza las cifras de violaciones a los derechos humanos, tortura policial, peor a\u00fan, que normaliza la violencia a la mujer; exijo un cese a la intimidaci\u00f3n y asesinato a periodistas, me reh\u00faso a ser una periodista exiliada por evidenciar la violencia de g\u00e9nero que prevalece y se agrava en Oaxaca\u201d.<\/p>\n\n\n\n<p>Son las palabras de la periodista oaxaque\u00f1a, Ana Luisa Cantoral, que hace un a\u00f1o y en contra de su voluntad dej\u00f3 su casa, su familia, su estado y sali\u00f3 huyendo del pa\u00eds debido a las innumerables amenazas de muerte de las que fue v\u00edctima y la inacci\u00f3n de las autoridades ante sus denuncias.<\/p>\n\n\n\n<p>\u201cHoy se cumple un a\u00f1o m\u00e1s de impunidad, de indolencia de las autoridades municipales, estatales y federales, no s\u00f3lo de permitir la libertad de expresi\u00f3n de los comunicadores, sino tambi\u00e9n las garant\u00edas de una mujer a vivir una vida libre de violencia\u201d, refiere en un video que hizo p\u00fablico en sus redes sociales<\/p>\n\n\n\n<p>El hostigamiento en su contra se deriv\u00f3 a la cobertura que realizaba de forma cotidiana de la violencia de g\u00e9nero que se vive en el estado de Oaxaca y de la que parad\u00f3jicamente tambi\u00e9n fue v\u00edctima al no ser escuchada por las autoridades estatales, oblig\u00e1ndola a un autoexilio para salvaguardar su integridad f\u00edsica.&nbsp;&nbsp;<\/p>\n\n\n\n<p>La comunicadora refiri\u00f3 que fue desde abril del 2019 que interpuso la denuncia ante la Fiscal\u00eda General de Justicia de Oaxaca, instancia que no registra avances en el caso, es m\u00e1s ni siquiera existe notificaci\u00f3n alguna sobre el curso de las investigaciones.<\/p>\n\n\n\n<p>\u201cNo hay avances, hay nada. Al igual que en otros miles de casos las autoridades siguen apilando y acumulando carpetas de investigaci\u00f3n por diversos delitos sin resultados\u201d, sentenci\u00f3.&nbsp;<\/p>\n\n\n\n<p>As\u00ed mismo calific\u00f3 de inadmisible que escud\u00e1ndose en grupos delictivos, sea permisible el hostigamiento, la intimidaci\u00f3n y amenazas de funcionarios que est\u00e1n al frente de dependencia gubernamentales y que deber\u00edan proteger y hacer valer la justicia.<\/p>\n\n\n\n<p>Ana Luisa Cantoral responsabiliz\u00f3 a la Secretar\u00eda de Seguridad Publica y a la Fiscal\u00eda General de Justicia cuyos titulares son Ernesto Salcedo Rosales y Rub\u00e9n Vasconcelos M\u00e9ndez, respectivamente, de lo que le suceda a su familia y a su persona, a la par que exigi\u00f3 el derecho a vivir libre de violencia, que por ley deber\u00edan garantizarle.&nbsp;<\/p>\n\n\n\n<p>\u201cHoy exijo mi derecho de regresar a mi casa, a mi pa\u00eds, a mi estado y vivir una vida sin violencia\u201d concluy\u00f3 de forma contundente a un a\u00f1o de su exilio obligado por la falta de garant\u00edas a su labor.&nbsp;<\/p>\n\n\n\n<p>La impunidad ha sido una constante en torno a la violencia de g\u00e9nero y feminicida en Oaxaca, apenas anteayer familiares de las j\u00f3venes desaparecidas en Tuxtepec encararon al fiscal general de Oaxaca, Rub\u00e9n Vasconcelos M\u00e9ndez, para reclamarle la falta de justicia ante sus casos.<\/p>\n\n\n\n<p>Mientras que, desde hace dos a\u00f1os familiares de la fotoperiodista Mar\u00eda del Sol, con el respaldo de organizaciones sociales han solicitado su derecho a una justicia pronta y expedita sin ning\u00fan tipo de \u00e9xito y por el contrario enfrentando amenazas de muerte en su contra.&nbsp;&nbsp;<\/p>\n\n\n\n<p>Lo anterior s\u00f3lo por nombrar casos que han destacado en las \u00faltimas fechas, en donde sin importar la contingencia sanitaria, la violencia de g\u00e9nero va en aumento en Oaxaca con un saldo de 436 feminicidios y 811 mujeres desaparecidas en lo que de la administraci\u00f3n actual.<\/p>\n","protected":false},"excerpt":{"rendered":"<p>Evlin Arag\u00f3n\/Zona Roja.&nbsp; Oaxaca de Ju\u00e1rez, Oax., 25 de junio de 2020.- \u201cEn un gobierno&hellip;<\/p>\n","protected":false},"author":2,"featured_media":14240,"comment_status":"closed","ping_status":"open","sticky":false,"template":"","format":"standard","meta":{"_lmt_disableupdate":"","_lmt_disable":"","_jetpack_memberships_contains_paid_content":false,"footnotes":""},"categories":[109,47],"tags":[1787],"class_list":["post-14241","post","type-post","status-publish","format-standard","has-post-thumbnail","hentry","category-minuto-a-minuto","category-zona-gris","tag-ana-luisa-cantoral"],"jetpack_featured_media_url":"https:\/\/zonaroja.com.mx\/wp-content\/uploads\/2020\/06\/img_2856.jpg","jetpack_sharing_enabled":true,"_links":{"self":[{"href":"https:\/\/zonaroja.com.mx\/index.php?rest_route=\/wp\/v2\/posts\/14241","targetHints":{"allow":["GET"]}}],"collection":[{"href":"https:\/\/zonaroja.com.mx\/index.php?rest_route=\/wp\/v2\/posts"}],"about":[{"href":"https:\/\/zonaroja.com.mx\/index.php?rest_route=\/wp\/v2\/types\/post"}],"author":[{"embeddable":true,"href":"https:\/\/zonaroja.com.mx\/index.php?rest_route=\/wp\/v2\/users\/2"}],"replies":[{"embeddable":true,"href":"https:\/\/zonaroja.com.mx\/index.php?rest_route=%2Fwp%2Fv2%2Fcomments&post=14241"}],"version-history":[{"count":1,"href":"https:\/\/zonaroja.com.mx\/index.php?rest_route=\/wp\/v2\/posts\/14241\/revisions"}],"predecessor-version":[{"id":14242,"href":"https:\/\/zonaroja.com.mx\/index.php?rest_route=\/wp\/v2\/posts\/14241\/revisions\/14242"}],"wp:featuredmedia":[{"embeddable":true,"href":"https:\/\/zonaroja.com.mx\/index.php?rest_route=\/wp\/v2\/media\/14240"}],"wp:attachment":[{"href":"https:\/\/zonaroja.com.mx\/index.php?rest_route=%2Fwp%2Fv2%2Fmedia&parent=14241"}],"wp:term":[{"taxonomy":"category","embeddable":true,"href":"https:\/\/zonaroja.com.mx\/index.php?rest_route=%2Fwp%2Fv2%2Fcategories&post=14241"},{"taxonomy":"post_tag","embeddable":true,"href":"https:\/\/zonaroja.com.mx\/index.php?rest_route=%2Fwp%2Fv2%2Ftags&post=14241"}],"curies":[{"name":"wp","href":"https:\/\/api.w.org\/{rel}","templated":true}]}}