{"id":14243,"date":"2020-06-25T19:17:51","date_gmt":"2020-06-26T00:17:51","guid":{"rendered":"http:\/\/www.zonaroja.com.mx\/?p=14243"},"modified":"2020-06-25T19:17:55","modified_gmt":"2020-06-26T00:17:55","slug":"vincula-juez-a-proceso-al-presunto-responsable-de-homicidio-en-huitzo","status":"publish","type":"post","link":"https:\/\/zonaroja.com.mx\/?p=14243","title":{"rendered":"Vincula juez a proceso al presunto responsable de homicidio en Huitzo"},"content":{"rendered":"\n<p>Redacci\u00f3n\/Zona\nRoja. <\/p>\n\n\n\n<p>Oaxaca de\nJu\u00e1rez, Oax., 26 de junio de 2020.- El juez de Control del Circuito Judicial de\nValles Centrales, con sede en Santa Mar\u00eda Ixcotel, dict\u00f3 auto de vinculaci\u00f3n a proceso\ncontra No\u00e9 A. Q. por el delito de homicidio calificado con ventaja y tentativa\nde homicidio calificado con ventaja, en agravio de dos j\u00f3venes, hechos\nocurridos en San Pablo Huitzo, Oaxaca.<\/p>\n\n\n\n<p>Lo\nanterior con base en una actuaci\u00f3n apegada a derecho&nbsp; y tras considerar suficientes los datos de\npruebas expuestos, inform\u00f3 el Poder Judicial de Oaxaca.<\/p>\n\n\n\n<p>En un\ncomunicado, detall\u00f3 que este poder tiene el compromiso de actuar con\nresponsabilidad y total apego a la ley, por lo que reconoce la determinaci\u00f3n\ndel juez responsable en este caso, donde un adolescente de 16 a\u00f1os fue privado\nde la vida y su hermano lesionado de gravedad.<\/p>\n\n\n\n<p>La\naudiencia de t\u00e9rmino constitucional ampliado, se realiz\u00f3 este jueves 25 de\njunio de manera presencial y tuvo una duraci\u00f3n de cinco horas con treinta\nminutos, en los cuales se revisaron cada uno de los datos de pruebas.<\/p>\n\n\n\n<p>El juez\nconcedi\u00f3 tres meses para el cierre de la investigaci\u00f3n complementaria y orden\u00f3\nel internamiento del imputado en el Centro de Reinserci\u00f3n Social de Miahuatl\u00e1n\nde Porfirio D\u00edaz, en la Sierra Sur de Oaxaca.<\/p>\n\n\n\n<p>En el\nhomicidio de Diego U. y la agresi\u00f3n de su hermano Juan J., ocurridos el pasado 7\nde mayo, el presunto responsable se desempe\u00f1aba como polic\u00eda municipal, a quien\nel Poder Judicial del Estado garantizar\u00e1 el respeto a los derechos humanos y debido\nproceso.<\/p>\n\n\n\n<p>En la\naudiencia estuvo acompa\u00f1ado por su asesor jur\u00eddico. El Poder Judicial reiter\u00f3\nque su actuaci\u00f3n se sustentar\u00e1 con apego a la \u00e9tica, de manera imparcial y en\ncumplimiento al ordenamiento jur\u00eddico.<\/p>\n","protected":false},"excerpt":{"rendered":"<p>Redacci\u00f3n\/Zona Roja. Oaxaca de Ju\u00e1rez, Oax., 26 de junio de 2020.- El juez de Control&hellip;<\/p>\n","protected":false},"author":2,"featured_media":13586,"comment_status":"closed","ping_status":"open","sticky":false,"template":"","format":"standard","meta":{"_lmt_disableupdate":"","_lmt_disable":"","_jetpack_memberships_contains_paid_content":false,"footnotes":""},"categories":[109,47],"tags":[223,1744],"class_list":["post-14243","post","type-post","status-publish","format-standard","has-post-thumbnail","hentry","category-minuto-a-minuto","category-zona-gris","tag-poder-judicial-de-oaxaca","tag-san-pablo-villa-de-huitzo"],"jetpack_featured_media_url":"https:\/\/zonaroja.com.mx\/wp-content\/uploads\/2020\/06\/Joven-asesinado-Huitzo.jpg","jetpack_sharing_enabled":true,"_links":{"self":[{"href":"https:\/\/zonaroja.com.mx\/index.php?rest_route=\/wp\/v2\/posts\/14243","targetHints":{"allow":["GET"]}}],"collection":[{"href":"https:\/\/zonaroja.com.mx\/index.php?rest_route=\/wp\/v2\/posts"}],"about":[{"href":"https:\/\/zonaroja.com.mx\/index.php?rest_route=\/wp\/v2\/types\/post"}],"author":[{"embeddable":true,"href":"https:\/\/zonaroja.com.mx\/index.php?rest_route=\/wp\/v2\/users\/2"}],"replies":[{"embeddable":true,"href":"https:\/\/zonaroja.com.mx\/index.php?rest_route=%2Fwp%2Fv2%2Fcomments&post=14243"}],"version-history":[{"count":1,"href":"https:\/\/zonaroja.com.mx\/index.php?rest_route=\/wp\/v2\/posts\/14243\/revisions"}],"predecessor-version":[{"id":14244,"href":"https:\/\/zonaroja.com.mx\/index.php?rest_route=\/wp\/v2\/posts\/14243\/revisions\/14244"}],"wp:featuredmedia":[{"embeddable":true,"href":"https:\/\/zonaroja.com.mx\/index.php?rest_route=\/wp\/v2\/media\/13586"}],"wp:attachment":[{"href":"https:\/\/zonaroja.com.mx\/index.php?rest_route=%2Fwp%2Fv2%2Fmedia&parent=14243"}],"wp:term":[{"taxonomy":"category","embeddable":true,"href":"https:\/\/zonaroja.com.mx\/index.php?rest_route=%2Fwp%2Fv2%2Fcategories&post=14243"},{"taxonomy":"post_tag","embeddable":true,"href":"https:\/\/zonaroja.com.mx\/index.php?rest_route=%2Fwp%2Fv2%2Ftags&post=14243"}],"curies":[{"name":"wp","href":"https:\/\/api.w.org\/{rel}","templated":true}]}}