{"id":14245,"date":"2020-06-25T20:26:34","date_gmt":"2020-06-26T01:26:34","guid":{"rendered":"http:\/\/www.zonaroja.com.mx\/?p=14245"},"modified":"2020-06-25T20:26:38","modified_gmt":"2020-06-26T01:26:38","slug":"transportistas-del-sector-turistico-protestan-en-puerto-escondido-y-la-capital","status":"publish","type":"post","link":"https:\/\/zonaroja.com.mx\/?p=14245","title":{"rendered":"Transportistas del sector tur\u00edstico protestan en Puerto Escondido y la capital"},"content":{"rendered":"\n<p>Yuridiana\nSosa\/Redacci\u00f3n<\/p>\n\n\n\n<p>Oaxaca de\nJu\u00e1rez, Oax., 25 de junio de 2020.- Transportistas del sector tur\u00edstico\nprotestaron hoy con una caravana en la ciudad de Oaxaca y en Puerto Escondido,\npara exigir al gobierno estatal la reactivaci\u00f3n econ\u00f3mica y los apoyos\nfinancieros, ante la crisis causada por la par\u00e1lisis de las actividades debido a\nla pandemia del coronavirus Covid-19.<\/p>\n\n\n\n<p>Por la\nma\u00f1ana, integrantes del Frente Oaxaque\u00f1o para la Recuperaci\u00f3n Tur\u00edstica de\nOaxaca se movilizaron con sus unidades de motor de la fuente de las Ocho Regiones\nhacia la Alameda de Le\u00f3n.<\/p>\n\n\n\n<p>De acuerdo con uno de sus representantes, Ciro Villa, los prestadores de servicios tur\u00edsticos fueron de los primeros en suspender actividades frente a la contingencia sanitaria por Covid-19 y se prev\u00e9 sean de los \u00faltimos en poder reincorporarse a la nueva normalidad, lo que genera una mayor afectaci\u00f3n econ\u00f3mica para el gremio.<\/p>\n\n\n\n<figure class=\"wp-block-embed-twitter wp-block-embed is-type-rich is-provider-twitter\"><div class=\"wp-block-embed__wrapper\">\n<div class=\"twitter-tweet\"><blockquote class=\"twitter-tweet\" data-lang=\"es\"><p lang=\"es\" dir=\"ltr\"><a href=\"https:\/\/twitter.com\/hashtag\/ENVIVO?src=hash&amp;ref_src=twsrc%5Etfw\">#ENVIVO<\/a><br>Oaxaca d\u00e9 Ju\u00e1rez, Oax., 25 de junio de 2020.- Caravana de transportistas del sector tur\u00edstico hacia el centro de la capital, para exigir reactivaci\u00f3n econ\u00f3mica y apoyos, tras la par\u00e1lisis por la pandemia del Covid.<br>\ud83d\udc47<a href=\"https:\/\/t.co\/Pybjc7VhlW\">https:\/\/t.co\/Pybjc7VhlW<\/a> <a href=\"https:\/\/t.co\/hupI7te6fM\">pic.twitter.com\/hupI7te6fM<\/a><\/p>&mdash; Zona Roja Oaxaca (@MexRoja) <a href=\"https:\/\/twitter.com\/MexRoja\/status\/1276177952649228289?ref_src=twsrc%5Etfw\">25 de junio de 2020<\/a><\/blockquote><\/div>\n<\/div><\/figure>\n\n\n\n<p>Expuso que\nantes de la pandemia, los microempresarios dedicados a estas actividades\ncontrajeron deudas con instituciones bancarias y financieras, lo cual, bajo el\nescenario econ\u00f3mico actual, ponen en riesgo sus patrimonios al no poder\nsolventarlas.<\/p>\n\n\n\n<p>El Frente\nOaxaque\u00f1o present\u00f3 a las autoridades locales un pliego petitorio enfocado a la\nimplementaci\u00f3n de recurso econ\u00f3micos a trav\u00e9s de cr\u00e9ditos accesibles para los\nafectados.<\/p>\n\n\n\n<p>Tambi\u00e9n\npor la ma\u00f1ana pero en Puerto Escondido, destino tur\u00edstico de San Pedro\nMixtepec, tambi\u00e9n se manifestaron con una caravana, gu\u00edas de turistas\ncertificados, transportistas y prestadores de servicios, quienes exigieron\napoyo al sector turismo y acusaron abandono por parte de las autoridades.<\/p>\n\n\n\n<p>Salieron\nde la representaci\u00f3n de la Secretar\u00eda de Turismo, tomaron la carretera federal\n200 y culminaron frente a la agencia municipal, donde reiteraron sus demandas.<\/p>\n","protected":false},"excerpt":{"rendered":"<p>Yuridiana Sosa\/Redacci\u00f3n Oaxaca de Ju\u00e1rez, Oax., 25 de junio de 2020.- Transportistas del sector tur\u00edstico&hellip;<\/p>\n","protected":false},"author":2,"featured_media":14246,"comment_status":"closed","ping_status":"open","sticky":false,"template":"","format":"standard","meta":{"_lmt_disableupdate":"","_lmt_disable":"","_jetpack_memberships_contains_paid_content":false,"footnotes":""},"categories":[109,47],"tags":[],"class_list":["post-14245","post","type-post","status-publish","format-standard","has-post-thumbnail","hentry","category-minuto-a-minuto","category-zona-gris"],"jetpack_featured_media_url":"https:\/\/zonaroja.com.mx\/wp-content\/uploads\/2020\/06\/Transportistas-tur\u00edsticos.png","jetpack_sharing_enabled":true,"_links":{"self":[{"href":"https:\/\/zonaroja.com.mx\/index.php?rest_route=\/wp\/v2\/posts\/14245","targetHints":{"allow":["GET"]}}],"collection":[{"href":"https:\/\/zonaroja.com.mx\/index.php?rest_route=\/wp\/v2\/posts"}],"about":[{"href":"https:\/\/zonaroja.com.mx\/index.php?rest_route=\/wp\/v2\/types\/post"}],"author":[{"embeddable":true,"href":"https:\/\/zonaroja.com.mx\/index.php?rest_route=\/wp\/v2\/users\/2"}],"replies":[{"embeddable":true,"href":"https:\/\/zonaroja.com.mx\/index.php?rest_route=%2Fwp%2Fv2%2Fcomments&post=14245"}],"version-history":[{"count":1,"href":"https:\/\/zonaroja.com.mx\/index.php?rest_route=\/wp\/v2\/posts\/14245\/revisions"}],"predecessor-version":[{"id":14247,"href":"https:\/\/zonaroja.com.mx\/index.php?rest_route=\/wp\/v2\/posts\/14245\/revisions\/14247"}],"wp:featuredmedia":[{"embeddable":true,"href":"https:\/\/zonaroja.com.mx\/index.php?rest_route=\/wp\/v2\/media\/14246"}],"wp:attachment":[{"href":"https:\/\/zonaroja.com.mx\/index.php?rest_route=%2Fwp%2Fv2%2Fmedia&parent=14245"}],"wp:term":[{"taxonomy":"category","embeddable":true,"href":"https:\/\/zonaroja.com.mx\/index.php?rest_route=%2Fwp%2Fv2%2Fcategories&post=14245"},{"taxonomy":"post_tag","embeddable":true,"href":"https:\/\/zonaroja.com.mx\/index.php?rest_route=%2Fwp%2Fv2%2Ftags&post=14245"}],"curies":[{"name":"wp","href":"https:\/\/api.w.org\/{rel}","templated":true}]}}