{"id":14248,"date":"2020-06-25T21:38:46","date_gmt":"2020-06-26T02:38:46","guid":{"rendered":"http:\/\/www.zonaroja.com.mx\/?p=14248"},"modified":"2020-06-25T21:38:50","modified_gmt":"2020-06-26T02:38:50","slug":"si-lloro-es-porque-ya-no-soporto-mas-la-tristeza-de-no-tener-un-lugar-digno-para-laborar","status":"publish","type":"post","link":"https:\/\/zonaroja.com.mx\/?p=14248","title":{"rendered":"\u201cSi lloro es porque ya no soporto m\u00e1s la tristeza de no tener un lugar digno para laborar\u201d"},"content":{"rendered":"\n<p>Yuridiana\nSosa\/Zona Roja.<\/p>\n\n\n\n<p>Oaxaca de\nJu\u00e1rez, Oax., 25 de julio de 2020.- Frente a la tragedia a causa del sismo de\nmagnitud 7.4, pero tambi\u00e9n ante la negligencia oficial, la responsable de la\ncl\u00ednica en Santa Mar\u00eda Ozolotepec no pudo contenerse las l\u00e1grimas, ante las\nautoridades:<\/p>\n\n\n\n<p>\u201cEs muy lamentable,\nse\u00f1or gobernador, que despu\u00e9s de tres a\u00f1os no tengamos una unidad digna.\nSupuestamente entr\u00f3 el Fonden, pero la empresa se llev\u00f3 el recurso, nos dej\u00f3 la\nunidad m\u00e9dica a medias. Est\u00e1 en obra negra\u201d, expuso en medio de decenas de\npobladores, autoridades locales y estatales.<\/p>\n\n\n\n<p>Y es que\nla cl\u00ednica rural del Instituto Mexicano del Seguro Social de San Juan\nOzolotepec sufri\u00f3 da\u00f1os estructurales totales el pasado martes, en tanto una\nnueva cl\u00ednica en Santa Mar\u00eda, debido a la corrupci\u00f3n, a\u00fan no se concluye.<\/p>\n\n\n\n<p>A dos\nd\u00edas del sismo de magnitud 7.4 &#8211;y despu\u00e9s de la llegada de la Cruz Roja&#8211;, el\ngobernador Alejandro Murat arrib\u00f3 v\u00eda terrestre a la Sierra Sur para atender\nlos municipios afectados.<\/p>\n\n\n\n<p>Desde el terremoto\nde 8.2 en 2017, Santa Mar\u00eda Ozolotepec sufre la falta de una cl\u00ednica; las\nmuertes maternas son el pesar del personal, pues no existen las condiciones\npara laborar desde cuartos improvisados como unidad m\u00e9dica, ahora adem\u00e1s\ncuarteados y casi inservibles.<\/p>\n\n\n\n<p>Por casi\ntres a\u00f1os, la burocracia y la impunidad se oponen a la construcci\u00f3n de la\ncl\u00ednica, por eso, una enfermera decidi\u00f3 llevar la exigencia de Santa Mar\u00eda\nhasta San Juan Ozolotepec, a donde lleg\u00f3 la fuerza del Poder Ejecutivo con\napoyos.<\/p>\n\n\n\n<p>Con la\nvoz resquebrajada, la encargada de la cl\u00ednica, con labores en Santa Mar\u00eda desde\nhace 13 a\u00f1os, encar\u00f3 al gobernador:<\/p>\n\n\n\n<p>\u201cNadie\nvoltea a ver a Santa Mar\u00eda Ozolotepec desde el sismo anterior, la autoridad\nmunicipal de hace tres a\u00f1os tampoco nos atendi\u00f3, ahorita yo s\u00ed necesito que\nusted, gobernador, acuda, vea en donde estamos trabajando\u201d, demand\u00f3 la\ntrabajadora del sector salud.<\/p>\n\n\n\n<p>A\u00fan\nsensible por los hechos recientes, la enfermera narr\u00f3 que el pasado 23 de junio\napenas lograron salvar la vida de una beb\u00e9 y su madre, reci\u00e9n aliviada; la\nvieja construcci\u00f3n que sirve como cl\u00ednica se comenz\u00f3 a desmoronarse.<\/p>\n\n\n\n<p>Pero la\nenfermera tampoco dud\u00f3 en expresar sus sentimientos: <\/p>\n\n\n\n<p>\u201cLlevo 13\na\u00f1os labrando en la comunidad y si lloro es porque ya no soporto m\u00e1s la presi\u00f3n\nque siento y la tristeza que me da no poder tener un lugar digno para laborar;\nmi personal y yo hacemos el m\u00e1ximo de esfuerzo para atender a la gente en la\ncomunidad\u201d.<\/p>\n\n\n\n<p>Cansada\nde numerosos oficios enviados sin tener respuesta por los Servicios de Salud de\nOaxaca, en las que ped\u00edan la construcci\u00f3n, la enfermera dijo que decidi\u00f3\nrealizar la demanda personalmente.<\/p>\n\n\n\n<p>\u201cNo me qued\u00f3 de otra que venir, recurrir a usted, la m\u00e1xima autoridad en el estado y exijo que nuestra unidad m\u00e9dica se termine, porque no hemos dejado de trabajar a pesar de todas las circunstancias\u201d, revel\u00f3 la enfermera, quien recalc\u00f3 el deseo que en esta ocasi\u00f3n el mandatario estatal visite Santa Mar\u00eda Ozolotepec.<\/p>\n\n\n\n<figure class=\"wp-block-embed-twitter wp-block-embed is-type-rich is-provider-twitter\"><div class=\"wp-block-embed__wrapper\">\n<div class=\"twitter-tweet\"><blockquote class=\"twitter-tweet\" data-lang=\"es\"><p lang=\"es\" dir=\"ltr\"><a href=\"https:\/\/twitter.com\/hashtag\/SismoOaxaca?src=hash&amp;ref_src=twsrc%5Etfw\">#SismoOaxaca<\/a><br>Entre l\u00e1grimas, la encargada de la cl\u00ednica de San Juan <a href=\"https:\/\/twitter.com\/hashtag\/Ozolotepec?src=hash&amp;ref_src=twsrc%5Etfw\">#Ozolotepec<\/a>, destruida por el sismo del pasado martes, narr\u00f3 ante el gobernador <a href=\"https:\/\/twitter.com\/alejandromurat?ref_src=twsrc%5Etfw\">@alejandromurat<\/a> el abandono institucional a la poblaci\u00f3n y las obras fraudulentas. <a href=\"https:\/\/t.co\/PxKQUbpif0\">pic.twitter.com\/PxKQUbpif0<\/a><\/p>&mdash; Zona Roja Oaxaca (@MexRoja) <a href=\"https:\/\/twitter.com\/MexRoja\/status\/1276271191041486848?ref_src=twsrc%5Etfw\">25 de junio de 2020<\/a><\/blockquote><\/div>\n<\/div><\/figure>\n\n\n\n<p>CRUZ ROJA\nA LA DELANTERA<\/p>\n\n\n\n<p>Casi de\nforma inmediata tras el sismo que afect\u00f3 con intensidad la Sierra Sur, y del\nauxilio que pidieron los pobladores de distintas comunidades, param\u00e9dicos de la\nCruz Roja Mexicana, delegaci\u00f3n Miahuatl\u00e1n, se movilizaron a la zona de\ndesastre.<\/p>\n\n\n\n<p>A bordo\nde dos ambulancias el personal rescate se dirigi\u00f3 a la zona de Ozolotepec;\nlogr\u00f3 llegar a Santo Domingo Ozolotepec para ofrecer los primeros auxilios y\ndespu\u00e9s en San Juan Ozolotepec donde pernoctaron.<\/p>\n\n\n\n<p>Durante\nla ma\u00f1ana del 24 de junio los param\u00e9dicos, acudieron a otras zonas afectadas.<\/p>\n\n\n\n<p>Una de las rutas se recorri\u00f3 a pie entre veredas y cerros, as\u00ed como la otra a trav\u00e9s de brechas que los lugare\u00f1os habilitaron con el apoyo del Ejercito Mexicano, Guardia Nacional y personal de la Comisi\u00f3n Federal de Electricidad (CFE).<\/p>\n\n\n\n<figure class=\"wp-block-embed-twitter wp-block-embed is-type-rich is-provider-twitter\"><div class=\"wp-block-embed__wrapper\">\n<div class=\"twitter-tweet\"><blockquote class=\"twitter-tweet\" data-lang=\"es\"><p lang=\"es\" dir=\"ltr\"><a href=\"https:\/\/twitter.com\/hashtag\/%C3%9AltimoMinuto?src=hash&amp;ref_src=twsrc%5Etfw\">#\u00daltimoMinuto<\/a> <br>Con un \u201cojal\u00e1 que nos cumplan\u201d, fue recibido hoy el gobernador <a href=\"https:\/\/twitter.com\/alejandromurat?ref_src=twsrc%5Etfw\">@alejandromurat<\/a> en San Juan <a href=\"https:\/\/twitter.com\/hashtag\/Ozolotepec?src=hash&amp;ref_src=twsrc%5Etfw\">#Ozolotepec<\/a>, uno de los municipios de la regi\u00f3n Sierra Sur de Oaxaca m\u00e1s afectados por el sismo del pasado martes. <a href=\"https:\/\/t.co\/AV6dmRMtz3\">pic.twitter.com\/AV6dmRMtz3<\/a><\/p>&mdash; Zona Roja Oaxaca (@MexRoja) <a href=\"https:\/\/twitter.com\/MexRoja\/status\/1276255383091318787?ref_src=twsrc%5Etfw\">25 de junio de 2020<\/a><\/blockquote><\/div>\n<\/div><\/figure>\n\n\n\n<p>M\u00c1S DA\u00d1OS<\/p>\n\n\n\n<p>A su\nregreso a los Valles Centrales, el mandatario presidi\u00f3 una sesi\u00f3n de protecci\u00f3n\ncivil, en que se inform\u00f3 que 72 municipios han recibido la Declaratoria de\nEmergencia por parte de la Coordinaci\u00f3n Nacional de Protecci\u00f3n Civil. Asimismo,\nel n\u00famero de viviendas afectadas ascendi\u00f3 a ocho mil 123, las cuales se ubican\nen un total de 145 municipios.<\/p>\n\n\n\n<p>Se detall\u00f3\nque son 25 los tramos carreteros estatales con afectaciones, lo que incluye\nsiete puentes vehiculares. <\/p>\n\n\n\n<p>En todos\nlos tramos se est\u00e1 trabajando para su rehabilitaci\u00f3n y s\u00f3lo 10 mantienen el\npaso completamente bloqueado. <\/p>\n\n\n\n<p>En cuanto\na la estructura de educaci\u00f3n, se reporta un total de 133 instituciones de\neducaci\u00f3n b\u00e1sica y 86 de educaci\u00f3n media y superior con da\u00f1os, principalmente\nmenores. <\/p>\n\n\n\n<p>Por otra\nparte, los centros de salud, hospitales y unidades m\u00e9dicas rurales del estado,\ntanto de los SSO como del IMSS y el ISSSTE, no han presentado da\u00f1os\nestructurales severos, por lo que en los pr\u00f3ximos d\u00edas el servicio deber\u00e1 de\nrestablecerse a la normalidad. <\/p>\n\n\n\n<p>Asimismo,\nel n\u00famero de monumentos hist\u00f3ricos con afectaciones registrados en las ocho\nregiones del estado, hasta este cierre es de 152, de los cuales 14 son zonas\narqueol\u00f3gicas.<\/p>\n\n\n\n<p>Hasta el\nmomento se han instalado tres albergues en el municipio de Santa Mar\u00eda Huatulco\ny en colaboraci\u00f3n con la Sedena y el DIF, se instalar\u00e1n esta noche tres m\u00e1s en\nla zona de los Ozolotepec.<\/p>\n","protected":false},"excerpt":{"rendered":"<p>Yuridiana Sosa\/Zona Roja. Oaxaca de Ju\u00e1rez, Oax., 25 de julio de 2020.- Frente a la&hellip;<\/p>\n","protected":false},"author":2,"featured_media":14249,"comment_status":"closed","ping_status":"open","sticky":false,"template":"","format":"standard","meta":{"_lmt_disableupdate":"","_lmt_disable":"","_jetpack_memberships_contains_paid_content":false,"footnotes":""},"categories":[109,47],"tags":[1788,1782],"class_list":["post-14248","post","type-post","status-publish","format-standard","has-post-thumbnail","hentry","category-minuto-a-minuto","category-zona-gris","tag-san-juan-ozolotepec","tag-sismo-oaxaca"],"jetpack_featured_media_url":"https:\/\/zonaroja.com.mx\/wp-content\/uploads\/2020\/06\/San-Juan-Ozolotepec-1.jpg","jetpack_sharing_enabled":true,"_links":{"self":[{"href":"https:\/\/zonaroja.com.mx\/index.php?rest_route=\/wp\/v2\/posts\/14248","targetHints":{"allow":["GET"]}}],"collection":[{"href":"https:\/\/zonaroja.com.mx\/index.php?rest_route=\/wp\/v2\/posts"}],"about":[{"href":"https:\/\/zonaroja.com.mx\/index.php?rest_route=\/wp\/v2\/types\/post"}],"author":[{"embeddable":true,"href":"https:\/\/zonaroja.com.mx\/index.php?rest_route=\/wp\/v2\/users\/2"}],"replies":[{"embeddable":true,"href":"https:\/\/zonaroja.com.mx\/index.php?rest_route=%2Fwp%2Fv2%2Fcomments&post=14248"}],"version-history":[{"count":1,"href":"https:\/\/zonaroja.com.mx\/index.php?rest_route=\/wp\/v2\/posts\/14248\/revisions"}],"predecessor-version":[{"id":14250,"href":"https:\/\/zonaroja.com.mx\/index.php?rest_route=\/wp\/v2\/posts\/14248\/revisions\/14250"}],"wp:featuredmedia":[{"embeddable":true,"href":"https:\/\/zonaroja.com.mx\/index.php?rest_route=\/wp\/v2\/media\/14249"}],"wp:attachment":[{"href":"https:\/\/zonaroja.com.mx\/index.php?rest_route=%2Fwp%2Fv2%2Fmedia&parent=14248"}],"wp:term":[{"taxonomy":"category","embeddable":true,"href":"https:\/\/zonaroja.com.mx\/index.php?rest_route=%2Fwp%2Fv2%2Fcategories&post=14248"},{"taxonomy":"post_tag","embeddable":true,"href":"https:\/\/zonaroja.com.mx\/index.php?rest_route=%2Fwp%2Fv2%2Ftags&post=14248"}],"curies":[{"name":"wp","href":"https:\/\/api.w.org\/{rel}","templated":true}]}}