{"id":14251,"date":"2020-06-25T21:56:23","date_gmt":"2020-06-26T02:56:23","guid":{"rendered":"http:\/\/www.zonaroja.com.mx\/?p=14251"},"modified":"2020-06-25T21:56:27","modified_gmt":"2020-06-26T02:56:27","slug":"regresa-becario-pedro-lezama-a-quirofano-por-septima-cirugia","status":"publish","type":"post","link":"https:\/\/zonaroja.com.mx\/?p=14251","title":{"rendered":"Regresa becario Pedro Lezama a quir\u00f3fano por s\u00e9ptima cirug\u00eda"},"content":{"rendered":"\n<p>Yuridiana\nSosa\/Zona Roja.<\/p>\n\n\n\n<p>San Juan\nBautista Tuxtepec, Oax., 25 de junio de 2020.- Ante las escasas mejoras tras la\nintervenci\u00f3n anterior en la que se conect\u00f3 el intestino delgado afectado en el\naccidente con l\u00e1minas, el becario del programa \u201cJ\u00f3venes Construyendo el Futuro\u201d,\nPedro Lezama Hern\u00e1ndez, regres\u00f3 al quir\u00f3fano para otra cirug\u00eda.<\/p>\n\n\n\n<p>El padre\ndel joven, don Alejandro Lezama, dio a conocer que esta nueva operaci\u00f3n es para\nuna reconexi\u00f3n del intestino delgado, pues no ha tenido los resultados\nesperados luego de la cirug\u00eda efectuada el pasado 4 de mayo.<\/p>\n\n\n\n<p>Aunque el\npaciente super\u00f3 con \u00e9xito las 72 horas despu\u00e9s de la intervenci\u00f3n,\nfundamentales para su salud, en el transcurso de los d\u00edas pasado notaron que no\nse han registrado la dilataci\u00f3n esperada, por lo que fue necesaria una nueva\ncirug\u00eda.<\/p>\n\n\n\n<p>El joven\ntuxtepecano es atendido desde diciembre en el Hospital de Especialidades \u201cLa\nRaza\u201d, en la Ciudad de M\u00e9xico, donde se le han practicado al menos otras tres\nintervenciones exitosas.<\/p>\n\n\n\n<p>Lezama\nHern\u00e1ndez sufri\u00f3 el accidente cuando realizaba actividades de riesgo como\nbecario del ayuntamiento de Tuxtepec el pasado 19 de noviembre.<\/p>\n\n\n\n<p>Las\nautoridades municipales asignaron al becario a realizar trabajos del traslado\nde l\u00e1minas para entregar material de construcci\u00f3n en colonias del municipio\ncomo parte de un programa de vivienda del gobierno de Tuxtepec. <\/p>\n\n\n\n<p>Por este\ncaso a\u00fan no se fijan responsabilidades por parte de la Secretar\u00eda del Trabajo y\nPrevisi\u00f3n Social contra el patr\u00f3n, el ayuntamiento tuxtepecano.<\/p>\n","protected":false},"excerpt":{"rendered":"<p>Yuridiana Sosa\/Zona Roja. San Juan Bautista Tuxtepec, Oax., 25 de junio de 2020.- Ante las&hellip;<\/p>\n","protected":false},"author":2,"featured_media":14252,"comment_status":"closed","ping_status":"open","sticky":false,"template":"","format":"standard","meta":{"_lmt_disableupdate":"","_lmt_disable":"","_jetpack_memberships_contains_paid_content":false,"footnotes":""},"categories":[109,47],"tags":[1064],"class_list":["post-14251","post","type-post","status-publish","format-standard","has-post-thumbnail","hentry","category-minuto-a-minuto","category-zona-gris","tag-pedro-alberto-lezama-hernandez"],"jetpack_featured_media_url":"https:\/\/zonaroja.com.mx\/wp-content\/uploads\/2020\/06\/Pedro-Lezama-2.jpg","jetpack_sharing_enabled":true,"_links":{"self":[{"href":"https:\/\/zonaroja.com.mx\/index.php?rest_route=\/wp\/v2\/posts\/14251","targetHints":{"allow":["GET"]}}],"collection":[{"href":"https:\/\/zonaroja.com.mx\/index.php?rest_route=\/wp\/v2\/posts"}],"about":[{"href":"https:\/\/zonaroja.com.mx\/index.php?rest_route=\/wp\/v2\/types\/post"}],"author":[{"embeddable":true,"href":"https:\/\/zonaroja.com.mx\/index.php?rest_route=\/wp\/v2\/users\/2"}],"replies":[{"embeddable":true,"href":"https:\/\/zonaroja.com.mx\/index.php?rest_route=%2Fwp%2Fv2%2Fcomments&post=14251"}],"version-history":[{"count":1,"href":"https:\/\/zonaroja.com.mx\/index.php?rest_route=\/wp\/v2\/posts\/14251\/revisions"}],"predecessor-version":[{"id":14253,"href":"https:\/\/zonaroja.com.mx\/index.php?rest_route=\/wp\/v2\/posts\/14251\/revisions\/14253"}],"wp:featuredmedia":[{"embeddable":true,"href":"https:\/\/zonaroja.com.mx\/index.php?rest_route=\/wp\/v2\/media\/14252"}],"wp:attachment":[{"href":"https:\/\/zonaroja.com.mx\/index.php?rest_route=%2Fwp%2Fv2%2Fmedia&parent=14251"}],"wp:term":[{"taxonomy":"category","embeddable":true,"href":"https:\/\/zonaroja.com.mx\/index.php?rest_route=%2Fwp%2Fv2%2Fcategories&post=14251"},{"taxonomy":"post_tag","embeddable":true,"href":"https:\/\/zonaroja.com.mx\/index.php?rest_route=%2Fwp%2Fv2%2Ftags&post=14251"}],"curies":[{"name":"wp","href":"https:\/\/api.w.org\/{rel}","templated":true}]}}