{"id":14254,"date":"2020-06-25T22:03:53","date_gmt":"2020-06-26T03:03:53","guid":{"rendered":"http:\/\/www.zonaroja.com.mx\/?p=14254"},"modified":"2020-06-25T22:03:57","modified_gmt":"2020-06-26T03:03:57","slug":"rebasa-oaxaca-los-4500-casos-de-covid-19","status":"publish","type":"post","link":"https:\/\/zonaroja.com.mx\/?p=14254","title":{"rendered":"Rebasa Oaxaca los 4,500 casos de Covid-19"},"content":{"rendered":"\n<p>Redacci\u00f3n\/Zona\nRoja.<\/p>\n\n\n\n<p>Oaxaca de\nJu\u00e1rez, Oax. 25 de junio de 2020.- La dependencia Servicios de Salud de Oaxaca\n(SSO), inform\u00f3 que de los cuatro mil 549 casos acumulados de Covid-19, se han\nrecuperado tres mil 488, es decir un 77 por ciento. <\/p>\n\n\n\n<p>En las\n\u00faltimas 24 horas, se registraron 123 casos nuevos del coronavirus y 13\nfallecimientos.<\/p>\n\n\n\n<p>Al corte epidemiol\u00f3gico de este jueves 25 de junio, se han notificado ocho mil 617 casos, de los cuales dos mil 963 han dado negativo, mil 105 son sospechosos en espera de resultados por laboratorio; hay 523 defunciones y 538 casos activos, que equivalen a un 11 y 12%, respectivamente.<\/p>\n\n\n\n<figure class=\"wp-block-image\"><img decoding=\"async\" width=\"1024\" height=\"577\" src=\"http:\/\/www.zonaroja.com.mx\/wp-content\/uploads\/2020\/06\/SSO-2-4-1-1024x577.jpeg\" alt=\"\" class=\"wp-image-14256\" srcset=\"https:\/\/zonaroja.com.mx\/wp-content\/uploads\/2020\/06\/SSO-2-4-1-1024x577.jpeg 1024w, https:\/\/zonaroja.com.mx\/wp-content\/uploads\/2020\/06\/SSO-2-4-1-300x169.jpeg 300w, https:\/\/zonaroja.com.mx\/wp-content\/uploads\/2020\/06\/SSO-2-4-1-768x433.jpeg 768w, https:\/\/zonaroja.com.mx\/wp-content\/uploads\/2020\/06\/SSO-2-4-1-1170x659.jpeg 1170w, https:\/\/zonaroja.com.mx\/wp-content\/uploads\/2020\/06\/SSO-2-4-1-585x330.jpeg 585w, https:\/\/zonaroja.com.mx\/wp-content\/uploads\/2020\/06\/SSO-2-4-1.jpeg 1280w\" sizes=\"(max-width: 1024px) 100vw, 1024px\" \/><\/figure>\n\n\n\n<p>Inform\u00f3\nque la Jurisdicci\u00f3n Sanitaria n\u00famero uno de Valles Centrales presenta tres mil\n174 casos y 307 defunciones, Tuxtepec 584 y 108 defunciones, Istmo 267 y 44\ndefunciones, Mixteca 249 y 29 defunciones, Costa 170 y 19 defunciones, y la\nSierra 105 y 16 defunciones.<\/p>\n\n\n\n<p>Dijo que\nlos 123 casos nuevos se presentan en 32 municipios, siendo los principales el\nde Oaxaca de Ju\u00e1rez con 41, Santa Cruz Xoxocotl\u00e1n con 13, Santa Luc\u00eda del\nCamino 10, Cuilapam de Guerrero, Ocotl\u00e1n de Morelos, Putla Villa de Guerrero,\nSalina Cruz, San Pablo Etla, y Santa Mar\u00eda Atzompa, cuatro cada uno, y el resto\ntres, dos y uno.<\/p>\n\n\n\n<p>Hasta el\nmomento se han contagiado 314 m\u00e9dicos y m\u00e9dicas, 372 enfermeras y enfermeros y\n202 trabajadores del sector salud.<\/p>\n\n\n\n<p>Sostuvo\nque de las 523 defunciones, el grupo de 65 y m\u00e1s a\u00f1os registra 215 decesos; el\nde 50 a 59 a\u00f1os 130; de 60 a 64 a\u00f1os registra 66. Por sexo, 341 fueron hombres\ny 182 mujeres, siendo las comorbilidades asociadas la diabetes, seguida de la\nhipertensi\u00f3n arterial, obesidad e insuficiencia renal.<\/p>\n","protected":false},"excerpt":{"rendered":"<p>Redacci\u00f3n\/Zona Roja. Oaxaca de Ju\u00e1rez, Oax. 25 de junio de 2020.- La dependencia Servicios de&hellip;<\/p>\n","protected":false},"author":2,"featured_media":14255,"comment_status":"closed","ping_status":"open","sticky":false,"template":"","format":"standard","meta":{"_lmt_disableupdate":"","_lmt_disable":"","_jetpack_memberships_contains_paid_content":false,"footnotes":""},"categories":[109,47],"tags":[1512],"class_list":["post-14254","post","type-post","status-publish","format-standard","has-post-thumbnail","hentry","category-minuto-a-minuto","category-zona-gris","tag-coronavirus-oaxaca"],"jetpack_featured_media_url":"https:\/\/zonaroja.com.mx\/wp-content\/uploads\/2020\/06\/SSO-1-5-1.jpeg","jetpack_sharing_enabled":true,"_links":{"self":[{"href":"https:\/\/zonaroja.com.mx\/index.php?rest_route=\/wp\/v2\/posts\/14254","targetHints":{"allow":["GET"]}}],"collection":[{"href":"https:\/\/zonaroja.com.mx\/index.php?rest_route=\/wp\/v2\/posts"}],"about":[{"href":"https:\/\/zonaroja.com.mx\/index.php?rest_route=\/wp\/v2\/types\/post"}],"author":[{"embeddable":true,"href":"https:\/\/zonaroja.com.mx\/index.php?rest_route=\/wp\/v2\/users\/2"}],"replies":[{"embeddable":true,"href":"https:\/\/zonaroja.com.mx\/index.php?rest_route=%2Fwp%2Fv2%2Fcomments&post=14254"}],"version-history":[{"count":1,"href":"https:\/\/zonaroja.com.mx\/index.php?rest_route=\/wp\/v2\/posts\/14254\/revisions"}],"predecessor-version":[{"id":14257,"href":"https:\/\/zonaroja.com.mx\/index.php?rest_route=\/wp\/v2\/posts\/14254\/revisions\/14257"}],"wp:featuredmedia":[{"embeddable":true,"href":"https:\/\/zonaroja.com.mx\/index.php?rest_route=\/wp\/v2\/media\/14255"}],"wp:attachment":[{"href":"https:\/\/zonaroja.com.mx\/index.php?rest_route=%2Fwp%2Fv2%2Fmedia&parent=14254"}],"wp:term":[{"taxonomy":"category","embeddable":true,"href":"https:\/\/zonaroja.com.mx\/index.php?rest_route=%2Fwp%2Fv2%2Fcategories&post=14254"},{"taxonomy":"post_tag","embeddable":true,"href":"https:\/\/zonaroja.com.mx\/index.php?rest_route=%2Fwp%2Fv2%2Ftags&post=14254"}],"curies":[{"name":"wp","href":"https:\/\/api.w.org\/{rel}","templated":true}]}}