{"id":14261,"date":"2020-06-26T07:28:38","date_gmt":"2020-06-26T12:28:38","guid":{"rendered":"http:\/\/www.zonaroja.com.mx\/?p=14261"},"modified":"2020-06-26T07:28:41","modified_gmt":"2020-06-26T12:28:41","slug":"disputas-entre-grupos-del-crimen-organizados-deja-16-muertos-en-sinaloa","status":"publish","type":"post","link":"https:\/\/zonaroja.com.mx\/?p=14261","title":{"rendered":"Disputas entre grupos del crimen organizados deja 16 muertos en Sinaloa"},"content":{"rendered":"\n<p>Redacci\u00f3n\/Zona\nRoja Cdmx.<\/p>\n\n\n\n<p>Ciudad de\nM\u00e9xico, 26 de junio de 2020.- Un saldo de 16 personas sin vida dejaron los\nenfrentamientos que han sostenido en las \u00faltimas horas facciones del c\u00e1rtel de\nSinaloa que se disputan el control de las comunidades del norte de la capital\nsinaloense, indicaron funcionarios federales tras conocerse que desde la ma\u00f1ana\ndel mi\u00e9rcoles y madrugada de ayer, grupos de hombres armados agredieron incluso\na pobladores de Tepuche, Bagrecitos, Caminaguato y Ojo de Agua.<\/p>\n\n\n\n<p>En ese\ncontexto, personal de la Guardia Nacional se enfrent\u00f3 a un grupo armado en la\ncomunidad de Tecolotes, municipio de Culiac\u00e1n, detuvieron a un presunto\nintegrante de alguna de las organizaciones delictivas y confiscaron 19 armas\nlargas, 175 cargadores, cuatro granadas y m\u00e1s de cinco mil cartuchos, en una\nmaniobra para repeler la agresi\u00f3n, se explic\u00f3.<\/p>\n\n\n\n<p>Mediante un\ncomunicado, la Guardia Nacional \u2013que no aludi\u00f3 a lo sucedido en otras\ncomunidades sinaloenses\u2013, se\u00f1al\u00f3 que en el poblado de Tecolotes guardias\nnacionales realizaban recorridos de seguridad cuando en un predio en obra negra\ntuvieron contacto con personas armadas quienes, al notar la presencia policial,\nagredieron con armas de fuego, lo que motiv\u00f3 a repeler el ataque.<\/p>\n\n\n\n<p>El detenido\ny los pertrechos incautados fueron puestos a disposici\u00f3n de la Fiscal\u00eda General\nde la Rep\u00fablica, en Culiac\u00e1n.<\/p>\n\n\n\n<p>Crist\u00f3bal\nCasta\u00f1eda, titular de la Secretar\u00eda de Seguridad de Sinaloa, inform\u00f3 que nueve\nde las 16 v\u00edctimas de los enfrentamientos entre grupos delictivos fueron\nprivadas de la vida en la comunidad de Bagrecitos y siete en un camino a\nCaminaguato.<\/p>\n\n\n\n<p>Los enfrentamientos\nen las diversas poblaciones culiacanenses comenzaron, se detall\u00f3 en un reporte\ngubernamental, desde las 10 de la ma\u00f1ana del mi\u00e9rcoles en el poblado de\nCaminaguato, cuatro horas despu\u00e9s se registr\u00f3 otra balacera en un camino que\nconduce de Caminaguato a Ojo de Agua.<\/p>\n\n\n\n<p>Tres hechos\nm\u00e1s con detonaciones de armas de fuego est\u00e1n consignados en el parte policial,\neventos sucedidos entre las 19 horas del mi\u00e9rcoles y la madrugada de ayer,\naunque hasta el cierre de esta edici\u00f3n no se emiti\u00f3 informaci\u00f3n sobre los da\u00f1os\nen estos hechos.<\/p>\n\n\n\n<p>(Informaci\u00f3n\nde \u201cLa Jornada\u201d)<\/p>\n","protected":false},"excerpt":{"rendered":"<p>Redacci\u00f3n\/Zona Roja Cdmx. Ciudad de M\u00e9xico, 26 de junio de 2020.- Un saldo de 16&hellip;<\/p>\n","protected":false},"author":2,"featured_media":14262,"comment_status":"closed","ping_status":"open","sticky":false,"template":"","format":"standard","meta":{"_lmt_disableupdate":"","_lmt_disable":"","_jetpack_memberships_contains_paid_content":false,"footnotes":""},"categories":[109,51],"tags":[1789],"class_list":["post-14261","post","type-post","status-publish","format-standard","has-post-thumbnail","hentry","category-minuto-a-minuto","category-zona-roja","tag-enfrentamientos-sinaloa"],"jetpack_featured_media_url":"https:\/\/zonaroja.com.mx\/wp-content\/uploads\/2020\/06\/Enfrentamiento.jpeg","jetpack_sharing_enabled":true,"_links":{"self":[{"href":"https:\/\/zonaroja.com.mx\/index.php?rest_route=\/wp\/v2\/posts\/14261","targetHints":{"allow":["GET"]}}],"collection":[{"href":"https:\/\/zonaroja.com.mx\/index.php?rest_route=\/wp\/v2\/posts"}],"about":[{"href":"https:\/\/zonaroja.com.mx\/index.php?rest_route=\/wp\/v2\/types\/post"}],"author":[{"embeddable":true,"href":"https:\/\/zonaroja.com.mx\/index.php?rest_route=\/wp\/v2\/users\/2"}],"replies":[{"embeddable":true,"href":"https:\/\/zonaroja.com.mx\/index.php?rest_route=%2Fwp%2Fv2%2Fcomments&post=14261"}],"version-history":[{"count":1,"href":"https:\/\/zonaroja.com.mx\/index.php?rest_route=\/wp\/v2\/posts\/14261\/revisions"}],"predecessor-version":[{"id":14263,"href":"https:\/\/zonaroja.com.mx\/index.php?rest_route=\/wp\/v2\/posts\/14261\/revisions\/14263"}],"wp:featuredmedia":[{"embeddable":true,"href":"https:\/\/zonaroja.com.mx\/index.php?rest_route=\/wp\/v2\/media\/14262"}],"wp:attachment":[{"href":"https:\/\/zonaroja.com.mx\/index.php?rest_route=%2Fwp%2Fv2%2Fmedia&parent=14261"}],"wp:term":[{"taxonomy":"category","embeddable":true,"href":"https:\/\/zonaroja.com.mx\/index.php?rest_route=%2Fwp%2Fv2%2Fcategories&post=14261"},{"taxonomy":"post_tag","embeddable":true,"href":"https:\/\/zonaroja.com.mx\/index.php?rest_route=%2Fwp%2Fv2%2Ftags&post=14261"}],"curies":[{"name":"wp","href":"https:\/\/api.w.org\/{rel}","templated":true}]}}