{"id":14264,"date":"2020-06-26T07:44:17","date_gmt":"2020-06-26T12:44:17","guid":{"rendered":"http:\/\/www.zonaroja.com.mx\/?p=14264"},"modified":"2020-06-26T07:44:21","modified_gmt":"2020-06-26T12:44:21","slug":"ex-canciller-de-mexico-llama-pueblo-arrabalero-y-horroroso-a-putla-oaxaca","status":"publish","type":"post","link":"https:\/\/zonaroja.com.mx\/?p=14264","title":{"rendered":"Ex canciller de M\u00e9xico llama pueblo \u201carrabalero\u201d y \u201chorroroso\u201d a Putla, Oaxaca,"},"content":{"rendered":"\n<p>Redacci\u00f3n\/Zona Roja. Foto: Twitter  @cancerita21<\/p>\n\n\n\n<p>Oaxaca de\nJu\u00e1rez, Oax., 26 de junio de 2020.- El municipio de Putla Villa de Guerrero,\nOaxaca, se convirti\u00f3 en tendencia este jueves, luego de que en redes sociales se\ndifundiera en video un comentario de Jorge Casta\u00f1eda, ex titular de la\nSecretar\u00eda de Relaciones Exteriores (SRE) en el gobierno del panista Vicente\nFox, en donde ofende a dos municipios de esa entidad.<\/p>\n\n\n\n<p>Durante el\nprograma \u201cEs la Hora de Opinar\u201d, que conduce Leo Zuckermann en Foro TV, el\nanalista de pol\u00edtico calific\u00f3 de \u201cpueblo horroroso\u201d y \u201carrabalero\u201d a Putla y\notro municipio que no mencion\u00f3 de Oaxaca, a prop\u00f3sito de la llegada de m\u00e9dicos\ncubanos para ayudar a combatir la pandemia de coronavirus en M\u00e9xico.<\/p>\n\n\n\n<p>\u201cPonen de\nalguna manera en evidencia los m\u00e9dicos cubanos a los (doctores) locales porque\nlos locales no quieren irse &#8211;no puedo usar la palabra correcta, cient\u00edfica&#8211;,\npero a un pueblo con adjetivo previo arrabalero, posterior, donde por cierto,\nH\u00e9ctor se acuerda muy bien (\u2026) cuando termin\u00f3 la carrera de medicina aqu\u00ed en la\nUNAM, se fue a un pueblo horroroso en Oaxaca, Putla, si no me equivoco, y luego\ngracias a H\u00e9ctor y su amistad con Diodoro (Carrasco, entonces gobernador de\nOaxaca) creo que la pudimos enviar a otro pueblo, un poquitito menos horroroso,\npero as\u00ed que se haya ido con gran entusiasmo, no, y un cubano si va a Putla,\nfeliz de la vida\u201d, dijo. <\/p>\n\n\n\n<p>Sus\ncompa\u00f1eros, el mismo Zuckermann, H\u00e9ctor Aguilar Cam\u00edn y Javier Tello jam\u00e1s\ncuestionaron su ofensa, s\u00f3lo se dedicaron a re\u00edrse del comentario peyorativo.<\/p>\n\n\n\n<p>Casta\u00f1eda\nGutman agreg\u00f3 que los m\u00e9dicos nacionales no tienen deseos de ir a pueblos\n\u201carrabaleros\u201d como los que mencion\u00f3, asegurando que el personal m\u00e9dico de Cuba\nno tiene ning\u00fan problema con ir a esos lugares marginales.<\/p>\n\n\n\n<p>Ante estas\nofensivas declaraciones, el gobernador de Oaxaca, Alejandro Murat, le respondi\u00f3\na trav\u00e9s de su cuenta en Twitter.<\/p>\n\n\n\n<p>\u201cEx\ncanciller @JorgeGCastaneda, dejando el clasismo de lado, estoy seguro que ha\nconocido lugares maravillosos en el mundo, pero ninguno como #Oaxaca. Conozca\nPutla, cada pueblo es \u00fanico, le aseguro que se maravillar\u00e1 con su cultura\nmilenaria y riqueza en tradiciones\u201d.<\/p>\n\n\n\n<p>Cientos de\nusuarios de redes sociales le exigieron al ex canciller mexicano una disculpa\np\u00fablica.<\/p>\n\n\n\n<p>(Informaci\u00f3n\nde Infobae)<\/p>\n","protected":false},"excerpt":{"rendered":"<p>Redacci\u00f3n\/Zona Roja. Foto: Twitter @cancerita21 Oaxaca de Ju\u00e1rez, Oax., 26 de junio de 2020.- El&hellip;<\/p>\n","protected":false},"author":2,"featured_media":14265,"comment_status":"closed","ping_status":"open","sticky":false,"template":"","format":"standard","meta":{"_lmt_disableupdate":"","_lmt_disable":"","_jetpack_memberships_contains_paid_content":false,"footnotes":""},"categories":[109,47],"tags":[1790,969],"class_list":["post-14264","post","type-post","status-publish","format-standard","has-post-thumbnail","hentry","category-minuto-a-minuto","category-zona-gris","tag-jorge-castaneda","tag-putla-villa-de-guerrero"],"jetpack_featured_media_url":"https:\/\/zonaroja.com.mx\/wp-content\/uploads\/2020\/06\/Putla-Villa-de-Guerrero.jpg","jetpack_sharing_enabled":true,"_links":{"self":[{"href":"https:\/\/zonaroja.com.mx\/index.php?rest_route=\/wp\/v2\/posts\/14264","targetHints":{"allow":["GET"]}}],"collection":[{"href":"https:\/\/zonaroja.com.mx\/index.php?rest_route=\/wp\/v2\/posts"}],"about":[{"href":"https:\/\/zonaroja.com.mx\/index.php?rest_route=\/wp\/v2\/types\/post"}],"author":[{"embeddable":true,"href":"https:\/\/zonaroja.com.mx\/index.php?rest_route=\/wp\/v2\/users\/2"}],"replies":[{"embeddable":true,"href":"https:\/\/zonaroja.com.mx\/index.php?rest_route=%2Fwp%2Fv2%2Fcomments&post=14264"}],"version-history":[{"count":1,"href":"https:\/\/zonaroja.com.mx\/index.php?rest_route=\/wp\/v2\/posts\/14264\/revisions"}],"predecessor-version":[{"id":14266,"href":"https:\/\/zonaroja.com.mx\/index.php?rest_route=\/wp\/v2\/posts\/14264\/revisions\/14266"}],"wp:featuredmedia":[{"embeddable":true,"href":"https:\/\/zonaroja.com.mx\/index.php?rest_route=\/wp\/v2\/media\/14265"}],"wp:attachment":[{"href":"https:\/\/zonaroja.com.mx\/index.php?rest_route=%2Fwp%2Fv2%2Fmedia&parent=14264"}],"wp:term":[{"taxonomy":"category","embeddable":true,"href":"https:\/\/zonaroja.com.mx\/index.php?rest_route=%2Fwp%2Fv2%2Fcategories&post=14264"},{"taxonomy":"post_tag","embeddable":true,"href":"https:\/\/zonaroja.com.mx\/index.php?rest_route=%2Fwp%2Fv2%2Ftags&post=14264"}],"curies":[{"name":"wp","href":"https:\/\/api.w.org\/{rel}","templated":true}]}}