{"id":14267,"date":"2020-06-26T07:54:56","date_gmt":"2020-06-26T12:54:56","guid":{"rendered":"http:\/\/www.zonaroja.com.mx\/?p=14267"},"modified":"2020-06-26T07:54:59","modified_gmt":"2020-06-26T12:54:59","slug":"mantienen-exigencia-de-cese-a-la-violencia-contra-feministas-en-oaxaca","status":"publish","type":"post","link":"https:\/\/zonaroja.com.mx\/?p=14267","title":{"rendered":"Mantienen exigencia de cese a la violencia contra feministas en Oaxaca"},"content":{"rendered":"\n<p>Evlin\nArag\u00f3n\/Zona Roja.<\/p>\n\n\n\n<p>Oaxaca de\nJu\u00e1rez, Oax., 26 de junio de 2020.- La Asociaci\u00f3n para los Derechos de las\nMujeres y el Desarrollo, AWID por sus siglas en ingl\u00e9s, exigi\u00f3 al gobierno de\nOaxaca que garantice la protecci\u00f3n y seguridad de las integrantes del equipo de\nConsorcio Oaxaca y de la periodista Soledad Jarqu\u00edn.<\/p>\n\n\n\n<p>Lo anterior\nluego de las amenazas de muerte de las que fueran v\u00edctima el pasado 15 de junio\ny relacionadas con la campa\u00f1a \u201cHasta que la justicia llegue\u201d, que durante 10\nd\u00edas evidencio el nulo avance de las investigaciones por el asesinato de la\nfotoperiodista Mar\u00eda del Sol Cruz Jarqu\u00edn.<\/p>\n\n\n\n<p>La\norganizaci\u00f3n internacional reconoci\u00f3 el trabajo de las activistas oaxaque\u00f1as en\ndefensa de la vida de las mujeres, por lo que respald\u00f3 la exigencia de\nprotecci\u00f3n y seguridad, que desde hace 10 d\u00edas han manifestado grupos locales y\nnacionales.<\/p>\n\n\n\n<p>\u201cReconocemos\nel valiente y necesario trabajo que Consorcio Oaxaca y familiares de v\u00edctimas\nde femicidios como Soledad Jarqu\u00edn realizan por la defensa del derecho a la\nvida de las mujeres\u2026 Sabemos que su sabidur\u00eda, compromiso y experiencia son una\nprofunda inspiraci\u00f3n para los movimientos feministas y de justicia social\nalrededor del mundo\u201d, refieren en un breve comunicado emitido.<\/p>\n\n\n\n<p>AWID se suma\na la condena de los hechos y demanda de protecci\u00f3n a defensoras de derechos que\nhan realizado desde las Embajadas de Canad\u00e1 y Estados Unidos en M\u00e9xico, la\nCoordinaci\u00f3n Alemana por los Derechos Humanos en M\u00e9xico, la Articulaci\u00f3n de\nMujeres Brasile\u00f1as, Amnist\u00eda Internacional M\u00e9xico y la propia Organizaci\u00f3n de\nlas Naciones Unidas a nivel internacional.<\/p>\n\n\n\n<p>Mientras que\na nivel local y nacional, decenas de organizaciones se unieron a la exigencia\nde que las autoridades de seguridad y procuraci\u00f3n de justicia encabezadas por\nErnesto Salcedo Rosales y Rub\u00e9n Vasconcelos M\u00e9ndez garantizaran la labor e\nintegridad f\u00edsica de las activistas.<\/p>\n\n\n\n<p>As\u00ed mismo,\ninstituciones como el Instituto Nacional de las Mujeres, la C\u00e1mara de Diputados\ny el Senado de la Rep\u00fablica, cuyas integrantes se pronunciaron en contra de\ncualquier tipo de agresi\u00f3n a las mujeres, haciendo un llamado al gobierno de\nOaxaca para garantizar la vida de las mujeres.&nbsp;\n<\/p>\n\n\n\n<p>Fue el lunes\n15 de junio cuando personas desconocidas colocaron una bolsa con restos de\ncarne podrida acompa\u00f1ada de una cartulina con un mensaje de amenaza de muerte,\nsupuestamente firmado por un grupo del crimen organizado.<\/p>\n","protected":false},"excerpt":{"rendered":"<p>Evlin Arag\u00f3n\/Zona Roja. Oaxaca de Ju\u00e1rez, Oax., 26 de junio de 2020.- La Asociaci\u00f3n para&hellip;<\/p>\n","protected":false},"author":2,"featured_media":14268,"comment_status":"closed","ping_status":"open","sticky":false,"template":"","format":"standard","meta":{"_lmt_disableupdate":"","_lmt_disable":"","_jetpack_memberships_contains_paid_content":false,"footnotes":""},"categories":[109,47],"tags":[1093],"class_list":["post-14267","post","type-post","status-publish","format-standard","has-post-thumbnail","hentry","category-minuto-a-minuto","category-zona-gris","tag-consorcio-para-el-dialogo-oaxaca"],"jetpack_featured_media_url":"https:\/\/zonaroja.com.mx\/wp-content\/uploads\/2020\/06\/AEWID.png","jetpack_sharing_enabled":true,"_links":{"self":[{"href":"https:\/\/zonaroja.com.mx\/index.php?rest_route=\/wp\/v2\/posts\/14267","targetHints":{"allow":["GET"]}}],"collection":[{"href":"https:\/\/zonaroja.com.mx\/index.php?rest_route=\/wp\/v2\/posts"}],"about":[{"href":"https:\/\/zonaroja.com.mx\/index.php?rest_route=\/wp\/v2\/types\/post"}],"author":[{"embeddable":true,"href":"https:\/\/zonaroja.com.mx\/index.php?rest_route=\/wp\/v2\/users\/2"}],"replies":[{"embeddable":true,"href":"https:\/\/zonaroja.com.mx\/index.php?rest_route=%2Fwp%2Fv2%2Fcomments&post=14267"}],"version-history":[{"count":1,"href":"https:\/\/zonaroja.com.mx\/index.php?rest_route=\/wp\/v2\/posts\/14267\/revisions"}],"predecessor-version":[{"id":14269,"href":"https:\/\/zonaroja.com.mx\/index.php?rest_route=\/wp\/v2\/posts\/14267\/revisions\/14269"}],"wp:featuredmedia":[{"embeddable":true,"href":"https:\/\/zonaroja.com.mx\/index.php?rest_route=\/wp\/v2\/media\/14268"}],"wp:attachment":[{"href":"https:\/\/zonaroja.com.mx\/index.php?rest_route=%2Fwp%2Fv2%2Fmedia&parent=14267"}],"wp:term":[{"taxonomy":"category","embeddable":true,"href":"https:\/\/zonaroja.com.mx\/index.php?rest_route=%2Fwp%2Fv2%2Fcategories&post=14267"},{"taxonomy":"post_tag","embeddable":true,"href":"https:\/\/zonaroja.com.mx\/index.php?rest_route=%2Fwp%2Fv2%2Ftags&post=14267"}],"curies":[{"name":"wp","href":"https:\/\/api.w.org\/{rel}","templated":true}]}}