{"id":14270,"date":"2020-06-26T11:29:22","date_gmt":"2020-06-26T16:29:22","guid":{"rendered":"http:\/\/www.zonaroja.com.mx\/?p=14270"},"modified":"2020-06-26T11:29:26","modified_gmt":"2020-06-26T16:29:26","slug":"omision-de-las-autoridades-deja-en-la-orfandad-a-menores-de-san-mateo-del-mar","status":"publish","type":"post","link":"https:\/\/zonaroja.com.mx\/?p=14270","title":{"rendered":"Omisi\u00f3n de las autoridades deja en la orfandad a menores de San Mateo del Mar"},"content":{"rendered":"\n<p>Evlin Arag\u00f3n\/Zona\nRoja.<\/p>\n\n\n\n<p>Oaxaca de Ju\u00e1rez,\nOax., 26 de junio de 2020.- Como Okas Marissa R. O., fue reconocida una de las\ndos mujeres que fueron v\u00edctimas mortales de la agresi\u00f3n armada que se registr\u00f3\neste fin de semana en San Mateo del Mar.<\/p>\n\n\n\n<p>Su cuerpo\ndelgado presentaba m\u00faltiples golpes, al punto que su rostro estaba desfigurado\ndebido a la violencia que ejercieron en su contra\u2026 Hace un mes, ya hab\u00eda\ndenunciado violencia en su contra; pidi\u00f3 medidas cautelares\u2026 y las autoridades\nno se la otorgaron.<\/p>\n\n\n\n<p>Vestida con\npantal\u00f3n azul y blusa negra sin mangas, su cuerpo qued\u00f3 tendido en un terreno\ndespejado junto con el de otra decena de personas que fueron lapidadas,\ntorturadas y quemadas ante la omisi\u00f3n de las autoridades estatales en atender\nel conflicto que ya hab\u00eda prendido los focos rojos en mayo pasado que se\nregistraron dos primeros ataques armados.<\/p>\n\n\n\n<p>La propia\nMarissa estuvo en la capital de Oaxaca el 5 de mayo, denunciando la violencia\nde la que fueron v\u00edctimas decenas de mujeres que salieron huyendo de la\nlocalidad para solicitar medidas cautelares ante la Defensor\u00eda de los Derechos\nHumanos del Pueblo de Oaxaca, las cuales en el caso concreto de la joven mujer\nle fueron negadas o no se concretaron.<\/p>\n\n\n\n<p>\u201cMe jalaron\nde los cabellos, y jalaron de los cabellos a mi ni\u00f1a para meterla. Esa se\u00f1ora\nTe\u00f3fila Ochoa Gonz\u00e1lez con el se\u00f1or Jos\u00e9 Luis Ch\u00e1vez nos tuvieron ah\u00ed\nencerradas a m\u00ed y a mi nena\u201d, relat\u00f3 en esa ocasi\u00f3n a las afueras de la\nDefensor\u00eda, a la que acudi\u00f3 acompa\u00f1ada de su hija de tres a\u00f1os quien tambi\u00e9n\nfue encarcelada junto con otras mujeres debido a los conflictos en la zona.<\/p>\n\n\n\n<p>En entrevista en esa fecha, la joven mujer asegur\u00f3 ser madre soltera y dedicarse al comercio para sacar adelante a sus hijas, sin pertenecer a ninguno de los dos grupos que se disputan el poder en la zona, a la par que relato que sin deberla ni temerla fue sacada con violencia de su domicilio por un grupo de hombres fuertemente armados y cubiertos del rostro.<\/p>\n\n\n\n<figure class=\"wp-block-embed-twitter wp-block-embed is-type-rich is-provider-twitter\"><div class=\"wp-block-embed__wrapper\">\n<div class=\"twitter-tweet\"><blockquote class=\"twitter-tweet\" data-lang=\"es\"><p lang=\"es\" dir=\"ltr\"><a href=\"https:\/\/twitter.com\/hashtag\/MasacreHuazantl%C3%A1n?src=hash&amp;ref_src=twsrc%5Etfw\">#MasacreHuazantl\u00e1n<\/a><br>Okas Marissa es una de las dos mujeres asesinadas en Huazantl\u00e1n, San Mateo del Mar, y que en mayo hab\u00eda denunciado vejaciones en su contra, adem\u00e1s de pedir medidas cautelares a la <a href=\"https:\/\/twitter.com\/DDHPO?ref_src=twsrc%5Etfw\">@DDHPO<\/a>\u2026 que nunca le dieron. <a href=\"https:\/\/t.co\/FNloNE1o0p\">pic.twitter.com\/FNloNE1o0p<\/a><\/p>&mdash; Zona Roja Oaxaca (@MexRoja) <a href=\"https:\/\/twitter.com\/MexRoja\/status\/1276169920112459777?ref_src=twsrc%5Etfw\">25 de junio de 2020<\/a><\/blockquote><\/div>\n<\/div><\/figure>\n\n\n\n<p>&#8211;\u00bfCu\u00e1ntos\nhombres eran?, &#8211;pregunta una reportera durante el arribo de la mujer a la\nDefensor\u00eda en la capital a inicios del mes de mayo.<\/p>\n\n\n\n<p>&#8211;Muchos,\npero ten\u00edan la cara tapada y con sus armas apunt\u00e1ndonos para que nos llevaran a\nla c\u00e1rcel. Mi otra nena, que adem\u00e1s est\u00e1 asustada, no la puedo traer est\u00e1\ntraumada con los incendios y disparos, &#8211;refiri\u00f3 visiblemente afectada, con la\nvoz entrecortada y l\u00e1grimas en los ojos.<\/p>\n\n\n\n<p>La violencia\nsufrida aquel d\u00eda qued\u00f3 registrada incluso en la memoria de su hija de tres\na\u00f1os que ante la pregunta de \u00bfa d\u00f3nde te llevaron?, responde sin dudarlo \u201ca la\nc\u00e1rcel\u201d.<\/p>\n\n\n\n<p>Pese al\ncrudo testimonio de la mujer y la solicitud de medidas cautelares que jam\u00e1s\nllegaron, las autoridades estatales se mantuvieron omisas, situaci\u00f3n que dej\u00f3\nen la orfandad a Maryfer y Ashley, de tres y seis a\u00f1os de edad, hijas de Okas\nMarissa quien fue reconocida como una de las v\u00edctimas mortales de la masacre de\neste fin de semana en San Mateo del Mar.<\/p>\n\n\n\n<p>A esta\nfamilia y decenas m\u00e1s, el Estado les fall\u00f3. Lo hizo al no tomar en cuenta los\nrelatos de las mujeres que con l\u00e1grimas en los ojos denunciaron la violencia de\nla que fueron v\u00edctimas a inicios del mes de mayo y el terror que se vive en la\nlocalidad desde hace a\u00f1os debido a la lucha por el poder entre dos grupos, los\nconflictos poselectorales y la f\u00e9rrea defensa de su territorio por parte de la poblaci\u00f3n\noriginaria.<\/p>\n","protected":false},"excerpt":{"rendered":"<p>Evlin Arag\u00f3n\/Zona Roja. Oaxaca de Ju\u00e1rez, Oax., 26 de junio de 2020.- Como Okas Marissa&hellip;<\/p>\n","protected":false},"author":2,"featured_media":14271,"comment_status":"closed","ping_status":"open","sticky":false,"template":"","format":"standard","meta":{"_lmt_disableupdate":"","_lmt_disable":"","_jetpack_memberships_contains_paid_content":false,"footnotes":""},"categories":[109,51],"tags":[1656,605],"class_list":["post-14270","post","type-post","status-publish","format-standard","has-post-thumbnail","hentry","category-minuto-a-minuto","category-zona-roja","tag-huazantlan-del-rio","tag-san-mateo-del-mar"],"jetpack_featured_media_url":"https:\/\/zonaroja.com.mx\/wp-content\/uploads\/2020\/06\/Okas-Marissa-Huazantl\u00e1n.jpg","jetpack_sharing_enabled":true,"_links":{"self":[{"href":"https:\/\/zonaroja.com.mx\/index.php?rest_route=\/wp\/v2\/posts\/14270","targetHints":{"allow":["GET"]}}],"collection":[{"href":"https:\/\/zonaroja.com.mx\/index.php?rest_route=\/wp\/v2\/posts"}],"about":[{"href":"https:\/\/zonaroja.com.mx\/index.php?rest_route=\/wp\/v2\/types\/post"}],"author":[{"embeddable":true,"href":"https:\/\/zonaroja.com.mx\/index.php?rest_route=\/wp\/v2\/users\/2"}],"replies":[{"embeddable":true,"href":"https:\/\/zonaroja.com.mx\/index.php?rest_route=%2Fwp%2Fv2%2Fcomments&post=14270"}],"version-history":[{"count":1,"href":"https:\/\/zonaroja.com.mx\/index.php?rest_route=\/wp\/v2\/posts\/14270\/revisions"}],"predecessor-version":[{"id":14272,"href":"https:\/\/zonaroja.com.mx\/index.php?rest_route=\/wp\/v2\/posts\/14270\/revisions\/14272"}],"wp:featuredmedia":[{"embeddable":true,"href":"https:\/\/zonaroja.com.mx\/index.php?rest_route=\/wp\/v2\/media\/14271"}],"wp:attachment":[{"href":"https:\/\/zonaroja.com.mx\/index.php?rest_route=%2Fwp%2Fv2%2Fmedia&parent=14270"}],"wp:term":[{"taxonomy":"category","embeddable":true,"href":"https:\/\/zonaroja.com.mx\/index.php?rest_route=%2Fwp%2Fv2%2Fcategories&post=14270"},{"taxonomy":"post_tag","embeddable":true,"href":"https:\/\/zonaroja.com.mx\/index.php?rest_route=%2Fwp%2Fv2%2Ftags&post=14270"}],"curies":[{"name":"wp","href":"https:\/\/api.w.org\/{rel}","templated":true}]}}