{"id":14273,"date":"2020-06-26T12:18:15","date_gmt":"2020-06-26T17:18:15","guid":{"rendered":"http:\/\/www.zonaroja.com.mx\/?p=14273"},"modified":"2020-06-26T12:18:18","modified_gmt":"2020-06-26T17:18:18","slug":"sin-indagatoria-secretario-de-seguridad-de-cdmx-atribuye-atentado-al-cjng","status":"publish","type":"post","link":"https:\/\/zonaroja.com.mx\/?p=14273","title":{"rendered":"Sin indagatoria, secretario de Seguridad de Cdmx atribuye atentado al CJNG"},"content":{"rendered":"\n<p>Redacci\u00f3n\/Zona\nRoja Cdmx.<\/p>\n\n\n\n<p>Ciudad de\nM\u00e9xico, 26 de junio de 2020.- Sin investigaci\u00f3n y tres horas despu\u00e9s de los\nhechos, el secretario de Seguridad de la Ciudad de M\u00e9xico, Omar Garc\u00eda Harfuch,\natribuy\u00f3 al C\u00e1rtel Jalisco Nueva Generaci\u00f3n (CJNG) el atentado.<\/p>\n\n\n\n<p>La versi\u00f3n\nfue desmentida por la Jefa de Gobierno de la capital del pa\u00eds, Claudia Sheinbaum,\nquien dijo en conferencia de prensa que era una hip\u00f3tesis que ya se investiga.<\/p>\n\n\n\n<p>La agresi\u00f3n sucedi\u00f3 alrededor de las 06:35 horas de este\nviernes entre avenida Paseo de la Reforma y Monte Blanco en la colonia Lomas de\nChapultepec, donde un grupo de sujetos con armas largas y una camioneta de tres\ny media toneladas, con logotipo de la empresa Carso, atacaron el veh\u00edculo donde\nviajaba Garc\u00eda Harfuch.<\/p>\n\n\n\n<p>El saldo fue de tres personas fallecidas, dos escoltas y una mujer que pasaba en la zona, as\u00ed como 12 detenidos, mientras que el funcionario de seguridad recibi\u00f3 al menos tres impactos de arma de fuego, en la clav\u00edcula y en el brazo.<\/p>\n\n\n\n<figure class=\"wp-block-embed-twitter wp-block-embed is-type-rich is-provider-twitter\"><div class=\"wp-block-embed__wrapper\">\n<div class=\"twitter-tweet\"><blockquote class=\"twitter-tweet\" data-lang=\"es\"><p lang=\"es\" dir=\"ltr\"><a href=\"https:\/\/twitter.com\/hashtag\/%C3%9AltimoMinuto?src=hash&amp;ref_src=twsrc%5Etfw\">#\u00daltimoMinuto<\/a> <br>(1) La ma\u00f1ana de hoy, el secretario de Seguridad de la Ciudad de <a href=\"https:\/\/twitter.com\/hashtag\/M%C3%A9xico?src=hash&amp;ref_src=twsrc%5Etfw\">#M\u00e9xico<\/a>, Omar Garc\u00eda <a href=\"https:\/\/twitter.com\/hashtag\/Harfuch?src=hash&amp;ref_src=twsrc%5Etfw\">#Harfuch<\/a>, sufri\u00f3 un atentado a balazos; dos personas fallecidas y 12 detenidos, el saldo preliminar; al funcionario lo reportan estable. <a href=\"https:\/\/t.co\/ImRx13gah9\">pic.twitter.com\/ImRx13gah9<\/a><\/p>&mdash; Zona Roja Oaxaca (@MexRoja) <a href=\"https:\/\/twitter.com\/MexRoja\/status\/1276517538491334656?ref_src=twsrc%5Etfw\">26 de junio de 2020<\/a><\/blockquote><\/div>\n<\/div><\/figure>\n\n\n\n<p>Pese a ello, tres horas despu\u00e9s, el secretario de Seguridad\nOmar Garc\u00eda pudo escribir en sus redes sociales, como Twitter:<\/p>\n\n\n\n<p>\u201cEsta ma\u00f1ana fuimos cobardemente atacados por el CJNG, dos\ncompa\u00f1eros y amigos m\u00edos perdieron la vida, tengo tres impactos de bala y\nvarias esquirlas. Nuestra Naci\u00f3n tiene que continuar haci\u00e9ndole frente a la\ncobarde delincuencia organizada. Continuaremos trabajando\u201d, escribi\u00f3.<\/p>\n\n\n\n<p>Sobre los 12 detenidos que hay hasta el momento, Sheinbaum\nPardo adelant\u00f3 que algunos fueron puesto a disposici\u00f3n de las autoridades en el\nlugar y otros por el seguimiento que se hizo por las c\u00e1maras de vigilancia, sin\nembargo ser\u00e1 la Fiscal\u00eda General de Justicia (FGJ) quien dar\u00e1 m\u00e1s detalles de\nla investigaci\u00f3n.<\/p>\n\n\n\n<p>En conferencia de prensa posterior, el secretario de Seguridad y Protecci\u00f3n Ciudadana del gobierno federal, Alfonso Durazo, confirm\u00f3 que ya le hab\u00edan informado que un alto mando podr\u00eda sufrir un atentado. Aunque tampoco quiso confirmar si la emboscada de hoy fue perpetrada por el C\u00e1rtel Jalisco.<\/p>\n\n\n\n<figure class=\"wp-block-image\"><img decoding=\"async\" width=\"567\" height=\"640\" src=\"http:\/\/www.zonaroja.com.mx\/wp-content\/uploads\/2020\/06\/Harfuch-1.jpg\" alt=\"\" class=\"wp-image-14274\" srcset=\"https:\/\/zonaroja.com.mx\/wp-content\/uploads\/2020\/06\/Harfuch-1.jpg 567w, https:\/\/zonaroja.com.mx\/wp-content\/uploads\/2020\/06\/Harfuch-1-266x300.jpg 266w\" sizes=\"(max-width: 567px) 100vw, 567px\" \/><\/figure>\n","protected":false},"excerpt":{"rendered":"<p>Redacci\u00f3n\/Zona Roja Cdmx. Ciudad de M\u00e9xico, 26 de junio de 2020.- Sin investigaci\u00f3n y tres&hellip;<\/p>\n","protected":false},"author":2,"featured_media":14275,"comment_status":"closed","ping_status":"open","sticky":false,"template":"","format":"standard","meta":{"_lmt_disableupdate":"","_lmt_disable":"","_jetpack_memberships_contains_paid_content":false,"footnotes":""},"categories":[109,51],"tags":[1791],"class_list":["post-14273","post","type-post","status-publish","format-standard","has-post-thumbnail","hentry","category-minuto-a-minuto","category-zona-roja","tag-omar-garcia-harfuch"],"jetpack_featured_media_url":"https:\/\/zonaroja.com.mx\/wp-content\/uploads\/2020\/06\/Harfuch-2.jpg","jetpack_sharing_enabled":true,"_links":{"self":[{"href":"https:\/\/zonaroja.com.mx\/index.php?rest_route=\/wp\/v2\/posts\/14273","targetHints":{"allow":["GET"]}}],"collection":[{"href":"https:\/\/zonaroja.com.mx\/index.php?rest_route=\/wp\/v2\/posts"}],"about":[{"href":"https:\/\/zonaroja.com.mx\/index.php?rest_route=\/wp\/v2\/types\/post"}],"author":[{"embeddable":true,"href":"https:\/\/zonaroja.com.mx\/index.php?rest_route=\/wp\/v2\/users\/2"}],"replies":[{"embeddable":true,"href":"https:\/\/zonaroja.com.mx\/index.php?rest_route=%2Fwp%2Fv2%2Fcomments&post=14273"}],"version-history":[{"count":1,"href":"https:\/\/zonaroja.com.mx\/index.php?rest_route=\/wp\/v2\/posts\/14273\/revisions"}],"predecessor-version":[{"id":14276,"href":"https:\/\/zonaroja.com.mx\/index.php?rest_route=\/wp\/v2\/posts\/14273\/revisions\/14276"}],"wp:featuredmedia":[{"embeddable":true,"href":"https:\/\/zonaroja.com.mx\/index.php?rest_route=\/wp\/v2\/media\/14275"}],"wp:attachment":[{"href":"https:\/\/zonaroja.com.mx\/index.php?rest_route=%2Fwp%2Fv2%2Fmedia&parent=14273"}],"wp:term":[{"taxonomy":"category","embeddable":true,"href":"https:\/\/zonaroja.com.mx\/index.php?rest_route=%2Fwp%2Fv2%2Fcategories&post=14273"},{"taxonomy":"post_tag","embeddable":true,"href":"https:\/\/zonaroja.com.mx\/index.php?rest_route=%2Fwp%2Fv2%2Ftags&post=14273"}],"curies":[{"name":"wp","href":"https:\/\/api.w.org\/{rel}","templated":true}]}}