{"id":14277,"date":"2020-06-26T12:44:33","date_gmt":"2020-06-26T17:44:33","guid":{"rendered":"http:\/\/www.zonaroja.com.mx\/?p=14277"},"modified":"2020-06-26T12:44:36","modified_gmt":"2020-06-26T17:44:36","slug":"urgen-guardia-nacional-en-santa-maria-del-mar-para-evitar-otra-masacre","status":"publish","type":"post","link":"https:\/\/zonaroja.com.mx\/?p=14277","title":{"rendered":"Urgen Guardia Nacional en Santa Mar\u00eda del Mar para evitar otra masacre"},"content":{"rendered":"\n<p>Evlin\nArag\u00f3n\/Zona Roja.<\/p>\n\n\n\n<p>Oaxaca de\nJu\u00e1rez, Oax., 26 de junio de 2020.- Autoridades municipales y comunales de\nSanta Mar\u00eda del Mar, encabezadas por Gelasio Mateos Cruz y Eustacio Reyes\nMart\u00ednez, solicitaron la presencia de la Guardia Nacional en la localidad, a\nfin de salvaguardar la vida de las ni\u00f1as, ni\u00f1os, mujeres y hombres, as\u00ed como de\nlas personas adultas mayores que ah\u00ed habitan.<\/p>\n\n\n\n<p>Lo anterior,\ntras los hechos violentos suscitado el fin de semana en la comunidad vecina de\nSan Mateo del Mar a causa de las omisiones gubernamentales, que aseguran, desde\nhace a\u00f1os han ensangrentado la zona para apoderarse de las riquezas naturales y\nmar\u00edtimas existentes.<\/p>\n\n\n\n<p>\u201cLos\nrecientes hechos de muerte y dolor en la zona, nos dan razones suficientes para\npreocuparnos por nuestra integridad, somos los m\u00e1s peque\u00f1os, los m\u00e1s indefensos\ny los m\u00e1s alejados de esta franja costera\u201d, manifestaron.<\/p>\n\n\n\n<p>En un\ncomunicado dirigido al Presidente de la Rep\u00fablica, Andr\u00e9s Manuel L\u00f3pez Obrador,\ny organismos nacionales e internacionales de derechos humanos, recordaron que\nel pasado mes de octubre cumplieron diez a\u00f1os sin acceso por v\u00eda terrestre a su\ncomunidad y sin energ\u00eda el\u00e9ctrica, debido al conflicto que se vive en la zona\ncon las localidades de San Dionisio del Mar, \u00c1lvaro Obreg\u00f3n y San Mateo del\nMar.<\/p>\n\n\n\n<p>Durante todo\neste tiempo, el peque\u00f1o pueblo Ikoot ha sufrido todo tipo de carencias, pues\ntienen que atravesar el mar para abastecerse de los m\u00e1s elemental, situaci\u00f3n\nque ha provocado incluso la muerte de tres personas que en enero del 2017\nviajaban en lancha y debido a los fuertes vientos en la zona, fallecieron\nahogadas.<\/p>\n\n\n\n<p>Reclamaron\nque las autoridades de los tres \u00f3rdenes de gobierno no cumplan con su\nobligaci\u00f3n de procurar una vida digna para la poblaci\u00f3n en general y que en\nSanta Mar\u00eda del Mar sean una constante las dificultades para recibir atenci\u00f3n\nadecuada en salud, educaci\u00f3n, sin dejar de nombrar las complicaciones que para\nel abasto de v\u00edveres, el libre tr\u00e1nsito y la seguridad.<\/p>\n\n\n\n<p>As\u00ed mismo,\nevidenciaron la inoperatividad de la \u201cComisi\u00f3n de Alto Nivel\u201d que se cre\u00f3 en\nmarzo del 2017, la cual no ha dado ni un solo resultado que beneficie a la\nlocalidad de San Mar\u00eda del Mar y de pie a la soluci\u00f3n del conflicto existente\nen la zona.<\/p>\n\n\n\n<p>\u201cNos dejan\nclaro la ineficacia en seguridad, en procuraci\u00f3n e impartici\u00f3n de la justicia\ndel gobierno local\u2026 No les basta el infortunio de los m\u00e1s de mil 500 habitantes\nque somos, nos mienten, nos enga\u00f1an y tienen en el olvido\u201d, refieren en el\ndocumento que hicieron llegar a los medios de comunicaci\u00f3n.&nbsp; <\/p>\n\n\n\n<p>Por lo\nanterior, reiteraron la solicitud urgente de la Guardia Nacional en la\nlocalidad a fin de evitar desenlaces fat\u00eddicos como el que se registr\u00f3 este fin\nde semana en San Mateo del Mar y que dej\u00f3 m\u00e1s de una de una docena de personas\nmuertas, previamente lapidadas y quemadas.&nbsp;\n<\/p>\n\n\n\n<p>\u201cCon los\nprecedentes expuestos estamos solicitando a todas las instancias de gobierno y\na los organismos de derechos humanos local, nacional y a la ONU, tomen las\nacciones preventivas y apremiantes para proteger la vida de las ni\u00f1as y ni\u00f1os,\nde las mujeres y los hombres, as\u00ed como de los adultos mayores que habitamos\nesta comunidad\u201d, concluyeron.<\/p>\n","protected":false},"excerpt":{"rendered":"<p>Evlin Arag\u00f3n\/Zona Roja. Oaxaca de Ju\u00e1rez, Oax., 26 de junio de 2020.- Autoridades municipales y&hellip;<\/p>\n","protected":false},"author":2,"featured_media":14278,"comment_status":"closed","ping_status":"open","sticky":false,"template":"","format":"standard","meta":{"_lmt_disableupdate":"","_lmt_disable":"","_jetpack_memberships_contains_paid_content":false,"footnotes":""},"categories":[109,51],"tags":[893],"class_list":["post-14277","post","type-post","status-publish","format-standard","has-post-thumbnail","hentry","category-minuto-a-minuto","category-zona-roja","tag-santa-maria-del-mar"],"jetpack_featured_media_url":"https:\/\/zonaroja.com.mx\/wp-content\/uploads\/2020\/06\/Santa-Mar\u00eda-del-Mar.jpg","jetpack_sharing_enabled":true,"_links":{"self":[{"href":"https:\/\/zonaroja.com.mx\/index.php?rest_route=\/wp\/v2\/posts\/14277","targetHints":{"allow":["GET"]}}],"collection":[{"href":"https:\/\/zonaroja.com.mx\/index.php?rest_route=\/wp\/v2\/posts"}],"about":[{"href":"https:\/\/zonaroja.com.mx\/index.php?rest_route=\/wp\/v2\/types\/post"}],"author":[{"embeddable":true,"href":"https:\/\/zonaroja.com.mx\/index.php?rest_route=\/wp\/v2\/users\/2"}],"replies":[{"embeddable":true,"href":"https:\/\/zonaroja.com.mx\/index.php?rest_route=%2Fwp%2Fv2%2Fcomments&post=14277"}],"version-history":[{"count":1,"href":"https:\/\/zonaroja.com.mx\/index.php?rest_route=\/wp\/v2\/posts\/14277\/revisions"}],"predecessor-version":[{"id":14279,"href":"https:\/\/zonaroja.com.mx\/index.php?rest_route=\/wp\/v2\/posts\/14277\/revisions\/14279"}],"wp:featuredmedia":[{"embeddable":true,"href":"https:\/\/zonaroja.com.mx\/index.php?rest_route=\/wp\/v2\/media\/14278"}],"wp:attachment":[{"href":"https:\/\/zonaroja.com.mx\/index.php?rest_route=%2Fwp%2Fv2%2Fmedia&parent=14277"}],"wp:term":[{"taxonomy":"category","embeddable":true,"href":"https:\/\/zonaroja.com.mx\/index.php?rest_route=%2Fwp%2Fv2%2Fcategories&post=14277"},{"taxonomy":"post_tag","embeddable":true,"href":"https:\/\/zonaroja.com.mx\/index.php?rest_route=%2Fwp%2Fv2%2Ftags&post=14277"}],"curies":[{"name":"wp","href":"https:\/\/api.w.org\/{rel}","templated":true}]}}