{"id":14280,"date":"2020-06-26T12:49:19","date_gmt":"2020-06-26T17:49:19","guid":{"rendered":"http:\/\/www.zonaroja.com.mx\/?p=14280"},"modified":"2020-06-26T12:49:23","modified_gmt":"2020-06-26T17:49:23","slug":"piden-diputadas-manejo-adecuado-de-residuos-utilizados-durante-pandemia","status":"publish","type":"post","link":"https:\/\/zonaroja.com.mx\/?p=14280","title":{"rendered":"Piden diputadas manejo adecuado de residuos utilizados durante pandemia"},"content":{"rendered":"\n<p>Redacci\u00f3n\/Zona\nRoja.<\/p>\n\n\n\n<p>Oaxaca de\nJu\u00e1rez, Oax., 26 de junio de 2020.- El Congreso de Oaxaca exhort\u00f3 al Gobierno\ndel Estado, a implementar medidas que garanticen el destino y la recolecci\u00f3n\nadecuada de residuos s\u00f3lidos utilizados durante la pandemia por la Covid-19.<\/p>\n\n\n\n<p>Al aprobar\nproposiciones legislativas, en sesi\u00f3n extraordinaria realizada el 19 de junio,\nfue valorado el impacto ambiental y probable da\u00f1o a la salud causado por los\ncubrebocas. Por estas circunstancias se exhort\u00f3 al Gobierno del Estado, a\nimplementar campa\u00f1as sobre la forma del manejo y desecho de estos<\/p>\n\n\n\n<p>Un exhorto\nimpulsado por las representantes populares, espec\u00edfica que, las personas al no\nencontrar un lugar de dep\u00f3sito para su desecho, guardan los cubrebocas en las\nbolsas donde transportan v\u00edveres o sus bolsas de mano, lo que representa un\nfoco de infecci\u00f3n.<\/p>\n\n\n\n<p>Por ello\nconsideraron como necesario la colocaci\u00f3n de contenedores en la v\u00eda p\u00fablica, en\nlos cuales, las personas puedan desechar sus mascarillas y cubrebocas de un\ns\u00f3lo uso.<\/p>\n\n\n\n<p>Otra\nproposici\u00f3n legislativa de la diputada, Victoria Cruz Villar, llama al gobierno\nestatal, a desarrollar un programa para el manejo adecuado de los residuos\ns\u00f3lidos urbanos en las cl\u00ednicas, Centros de Salud, laboratorios cl\u00ednicos y\nhospitales que se habilitaron para la atenci\u00f3n de pacientes con la Covid-19.<\/p>\n\n\n\n<p>La Legisladora\nsolicit\u00f3 que las autoridades procedan conforme a lo que establece la\n\u00abCartilla de Mejores Pr\u00e1cticas para la Prevenci\u00f3n del CoviD-19 en el\nManejo de los Residuos S\u00f3lidos Urbanos\u00bb, que emiti\u00f3 la Secretaria de Medio\nAmbiente y Recursos Naturales del Gobierno Federal.<\/p>\n\n\n\n<p>Seg\u00fan datos\noficiales del Programa de las Naciones Unidas para el Medio Ambiente, ha\nalertado que, el manejo incorrecto de dicho implemento puede derivar en da\u00f1os\nperjudiciales a la flora y fauna, por no existir una disposici\u00f3n final adecuada.<\/p>\n","protected":false},"excerpt":{"rendered":"<p>Redacci\u00f3n\/Zona Roja. Oaxaca de Ju\u00e1rez, Oax., 26 de junio de 2020.- El Congreso de Oaxaca&hellip;<\/p>\n","protected":false},"author":2,"featured_media":14281,"comment_status":"closed","ping_status":"open","sticky":false,"template":"","format":"standard","meta":{"_lmt_disableupdate":"","_lmt_disable":"","_jetpack_memberships_contains_paid_content":false,"footnotes":""},"categories":[109,47],"tags":[213],"class_list":["post-14280","post","type-post","status-publish","format-standard","has-post-thumbnail","hentry","category-minuto-a-minuto","category-zona-gris","tag-64-legislatura-de-oaxaca"],"jetpack_featured_media_url":"https:\/\/zonaroja.com.mx\/wp-content\/uploads\/2020\/06\/FOTO-1.1-Diputadas-Magaly-L\u00f3pez-Dom\u00ednguez-Hilda-Graciela-P\u00e9rez-Luis-Elisa-Zepeda-Lagunas-y-Victoria-Cruz-Villar.jpg","jetpack_sharing_enabled":true,"_links":{"self":[{"href":"https:\/\/zonaroja.com.mx\/index.php?rest_route=\/wp\/v2\/posts\/14280","targetHints":{"allow":["GET"]}}],"collection":[{"href":"https:\/\/zonaroja.com.mx\/index.php?rest_route=\/wp\/v2\/posts"}],"about":[{"href":"https:\/\/zonaroja.com.mx\/index.php?rest_route=\/wp\/v2\/types\/post"}],"author":[{"embeddable":true,"href":"https:\/\/zonaroja.com.mx\/index.php?rest_route=\/wp\/v2\/users\/2"}],"replies":[{"embeddable":true,"href":"https:\/\/zonaroja.com.mx\/index.php?rest_route=%2Fwp%2Fv2%2Fcomments&post=14280"}],"version-history":[{"count":1,"href":"https:\/\/zonaroja.com.mx\/index.php?rest_route=\/wp\/v2\/posts\/14280\/revisions"}],"predecessor-version":[{"id":14282,"href":"https:\/\/zonaroja.com.mx\/index.php?rest_route=\/wp\/v2\/posts\/14280\/revisions\/14282"}],"wp:featuredmedia":[{"embeddable":true,"href":"https:\/\/zonaroja.com.mx\/index.php?rest_route=\/wp\/v2\/media\/14281"}],"wp:attachment":[{"href":"https:\/\/zonaroja.com.mx\/index.php?rest_route=%2Fwp%2Fv2%2Fmedia&parent=14280"}],"wp:term":[{"taxonomy":"category","embeddable":true,"href":"https:\/\/zonaroja.com.mx\/index.php?rest_route=%2Fwp%2Fv2%2Fcategories&post=14280"},{"taxonomy":"post_tag","embeddable":true,"href":"https:\/\/zonaroja.com.mx\/index.php?rest_route=%2Fwp%2Fv2%2Ftags&post=14280"}],"curies":[{"name":"wp","href":"https:\/\/api.w.org\/{rel}","templated":true}]}}