{"id":14283,"date":"2020-06-26T15:40:22","date_gmt":"2020-06-26T20:40:22","guid":{"rendered":"http:\/\/www.zonaroja.com.mx\/?p=14283"},"modified":"2020-06-26T15:40:25","modified_gmt":"2020-06-26T20:40:25","slug":"titular-del-inpi-exige-a-jorge-castaneda-se-disculpe-con-oaxaca","status":"publish","type":"post","link":"https:\/\/zonaroja.com.mx\/?p=14283","title":{"rendered":"Titular del INPI exige a Jorge Casta\u00f1eda se disculpe con Oaxaca"},"content":{"rendered":"\n<p>Evlin Arag\u00f3n\/Zona Roja. Foto: Facebook<\/p>\n\n\n\n<p>Oaxaca de\nJu\u00e1rez, Oax., 26 de junio de 2020.- El titular del Instituto Nacional de los\nPueblos Ind\u00edgenas (INPI), el oaxaque\u00f1o Adelfo Regino Montes, exigi\u00f3 al ex\ncanciller Jorge Casta\u00f1eda se disculpe con Oaxaca por sus palabras\ndiscriminatorias y racistas.<\/p>\n\n\n\n<p>\u201cPutla es un\npueblo maravilloso, coraz\u00f3n y punto de encuentro de los pueblos ind\u00edgenas de la\nMixteca. Ah\u00ed el Presidente @lopezobrador_ inici\u00f3 su gira por las regiones\nind\u00edgenas. Hago un llamado a @JorgeGCastaneda &nbsp;que pida una disculpa y ponga alto a sus\ncomentarios racistas\u201d, escribi\u00f3 en sus redes sociales.<\/p>\n\n\n\n<p>En tanto, la\nautoridad municipal de Putla Villa de Guerrero, encabezada por Manuel Guzm\u00e1n\nCarrasco, demand\u00f3 tambi\u00e9n una disculpa p\u00fablica por parte de quien fuera\nfuncionario de primer nivel en el sexenio de Vicente Fox, quien se refiri\u00f3 de\nforma despectiva a la localidad en un programa de televisi\u00f3n.<\/p>\n\n\n\n<p>\u201cLe pedimos\nuna disculpa p\u00fablica, no solo a este municipio, sino a todo el estado de\nOaxaca, que hoy estamos indignados por esta falta de respeto y discriminaci\u00f3n\u201d,\nrefiere el documento emitido este viernes por la autoridad municipal.<\/p>\n\n\n\n<p>Como \u201cpueblo arrabalero y horroroso\u201d fue descrita la localidad por el ex secretario de Relaciones Exteriores, en un programa de televisi\u00f3n el pasado 16 de junio, raz\u00f3n por la que fue seriamente criticado durante toda la tarde de este jueves que el video se hizo viral en las redes sociales.<\/p>\n\n\n\n<figure class=\"wp-block-embed-twitter wp-block-embed is-type-rich is-provider-twitter\"><div class=\"wp-block-embed__wrapper\">\n<div class=\"twitter-tweet\"><blockquote class=\"twitter-tweet\" data-lang=\"es\"><p lang=\"es\" dir=\"ltr\"><a href=\"https:\/\/twitter.com\/hashtag\/Discriminaci%C3%B3n?src=hash&amp;ref_src=twsrc%5Etfw\">#Discriminaci\u00f3n<\/a><br>\u00bfQu\u00e9 le parece lo que dijo el ex canciller mexicano <a href=\"https:\/\/twitter.com\/JorgeGCastaneda?ref_src=twsrc%5Etfw\">@JorgeGCastaneda<\/a>?:<br>\u201c&#8230;se fue a un pueblo horroroso de <a href=\"https:\/\/twitter.com\/hashtag\/Oaxaca?src=hash&amp;ref_src=twsrc%5Etfw\">#Oaxaca<\/a>, <a href=\"https:\/\/twitter.com\/hashtag\/Putla?src=hash&amp;ref_src=twsrc%5Etfw\">#Putla<\/a> si no me equivoco; luego gracias a H\u00e9ctor y su amistad con Di\u00f3doro, la pudimos mandar a otro pueblo un poquitito menos horroroso\u201d. <a href=\"https:\/\/t.co\/lAM4mQNE6H\">pic.twitter.com\/lAM4mQNE6H<\/a><\/p>&mdash; Zona Roja Oaxaca (@MexRoja) <a href=\"https:\/\/twitter.com\/MexRoja\/status\/1276357906028519426?ref_src=twsrc%5Etfw\">26 de junio de 2020<\/a><\/blockquote><\/div>\n<\/div><\/figure>\n\n\n\n<p>El edil de\nPutla hizo un llamado al gobernador de Oaxaca, Alejandro Murat Hinojosa, para\nrevisar el tema y se haga lo procedente ya que asegur\u00f3 la situaci\u00f3n caus\u00f3\nindignaci\u00f3n y enojo a toda la poblaci\u00f3n putleca, que de forma contundente\nreprob\u00f3 las declaraciones del comentarista de \u201cLa Hora de Opinar\u201d que se\ntransmite por Foro TV.<\/p>\n\n\n\n<p>Manifest\u00f3\nque la comunidad putleca se siente orgullosa de sus ra\u00edces, costumbres y\ntradiciones, adem\u00e1s de su aporte hist\u00f3rico para Oaxaca y M\u00e9xico, figurando como\nuna ruta de suma importancia durante la Revoluci\u00f3n Mexicana, que sirvi\u00f3 como\nsede de estrategia de Vicente Guerrero.<\/p>\n\n\n\n<p>As\u00ed mismo,\nindic\u00f3 que es Putla la cuna del \u201cDios nunca muere\u201d himno oaxaque\u00f1o, as\u00ed como del\ncarnaval m\u00e1s famoso de la entidad, con sus tradicionales \u201ctiliches\u201d que ponen a\nbailar hasta al m\u00e1s renuente en las festividades anuales de la Guelaguetza.<\/p>\n\n\n\n<p>\u201cPodemos\ndecir muchas cosas de Putla, pero lo m\u00e1s conveniente es invitarlos a conocer\neste maravilloso lugar de neblina para que de su boca salga la descripci\u00f3n\nperfecta, porque quien pisa tierra putleca ya no se quiere regresar a su lugar\nde origen\u201d refiere el documento oficial.<\/p>\n\n\n\n<p>Mientras que\nel gobernador del estado, Alejandro Murat Hinojosa, a trav\u00e9s de sus redes\nsociales, invit\u00f3 al ex canciller a conocer Oaxaca donde sin duda se maravillar\u00e1\ncon la cultura milenaria y tradiciones.<\/p>\n\n\n\n<p>\u201cEx\ncanciller @JorgeGCastaneda, dejando el clasismo de lado, estoy seguro que ha\nconocido lugares maravillosos en el mundo, pero ninguno como #Oaxaca. Conozca\nPutla, cada pueblo es \u00fanico, le aseguro que se maravillar\u00e1 con su cultura\nmilenaria y riqueza en tradiciones\u201d, public\u00f3.<\/p>\n","protected":false},"excerpt":{"rendered":"<p>Evlin Arag\u00f3n\/Zona Roja. Foto: Facebook Oaxaca de Ju\u00e1rez, Oax., 26 de junio de 2020.- El&hellip;<\/p>\n","protected":false},"author":2,"featured_media":14284,"comment_status":"closed","ping_status":"open","sticky":false,"template":"","format":"standard","meta":{"_lmt_disableupdate":"","_lmt_disable":"","_jetpack_memberships_contains_paid_content":false,"footnotes":""},"categories":[109,47],"tags":[557,969],"class_list":["post-14283","post","type-post","status-publish","format-standard","has-post-thumbnail","hentry","category-minuto-a-minuto","category-zona-gris","tag-adelfo-regino-montes","tag-putla-villa-de-guerrero"],"jetpack_featured_media_url":"https:\/\/zonaroja.com.mx\/wp-content\/uploads\/2020\/06\/Putla-Villa-de-Guerrero3.png","jetpack_sharing_enabled":true,"_links":{"self":[{"href":"https:\/\/zonaroja.com.mx\/index.php?rest_route=\/wp\/v2\/posts\/14283","targetHints":{"allow":["GET"]}}],"collection":[{"href":"https:\/\/zonaroja.com.mx\/index.php?rest_route=\/wp\/v2\/posts"}],"about":[{"href":"https:\/\/zonaroja.com.mx\/index.php?rest_route=\/wp\/v2\/types\/post"}],"author":[{"embeddable":true,"href":"https:\/\/zonaroja.com.mx\/index.php?rest_route=\/wp\/v2\/users\/2"}],"replies":[{"embeddable":true,"href":"https:\/\/zonaroja.com.mx\/index.php?rest_route=%2Fwp%2Fv2%2Fcomments&post=14283"}],"version-history":[{"count":1,"href":"https:\/\/zonaroja.com.mx\/index.php?rest_route=\/wp\/v2\/posts\/14283\/revisions"}],"predecessor-version":[{"id":14285,"href":"https:\/\/zonaroja.com.mx\/index.php?rest_route=\/wp\/v2\/posts\/14283\/revisions\/14285"}],"wp:featuredmedia":[{"embeddable":true,"href":"https:\/\/zonaroja.com.mx\/index.php?rest_route=\/wp\/v2\/media\/14284"}],"wp:attachment":[{"href":"https:\/\/zonaroja.com.mx\/index.php?rest_route=%2Fwp%2Fv2%2Fmedia&parent=14283"}],"wp:term":[{"taxonomy":"category","embeddable":true,"href":"https:\/\/zonaroja.com.mx\/index.php?rest_route=%2Fwp%2Fv2%2Fcategories&post=14283"},{"taxonomy":"post_tag","embeddable":true,"href":"https:\/\/zonaroja.com.mx\/index.php?rest_route=%2Fwp%2Fv2%2Ftags&post=14283"}],"curies":[{"name":"wp","href":"https:\/\/api.w.org\/{rel}","templated":true}]}}