{"id":14286,"date":"2020-06-26T15:59:07","date_gmt":"2020-06-26T20:59:07","guid":{"rendered":"http:\/\/www.zonaroja.com.mx\/?p=14286"},"modified":"2020-06-26T16:05:28","modified_gmt":"2020-06-26T21:05:28","slug":"a-dos-anos-impune-asesinato-de-emigdio-lopez-y-cuatro-activistas-mas","status":"publish","type":"post","link":"https:\/\/zonaroja.com.mx\/?p=14286","title":{"rendered":"A dos a\u00f1os, impune asesinato de Emigdio L\u00f3pez y cuatro activistas m\u00e1s"},"content":{"rendered":"\n<p>Yuridiana\nSosa\/Zona Roja.<\/p>\n\n\n\n<p>Oaxaca de\nJu\u00e1rez, Oax., 26 de junio de 2020.-&nbsp;\nDurante la campa\u00f1a electoral 2018, el candidato a diputado local por\nMorena, Emigdio L\u00f3pez Avenda\u00f1o, fue asesinado en una emboscada junto a otras\ncuatro personas. Los cr\u00edmenes siguen impunes.<\/p>\n\n\n\n<p>\u201cTrabaj\u00f3 por\nconstruir la paz en la Sierra Sur, construy\u00f3 escuelas de campo y desarroll\u00f3\nproyectos comunitarios que apostaban a la b\u00fasqueda de la autosuficiencia\nalimentaria\u201d, as\u00ed describi\u00f3 el activista Flavio Sosa a su ex compa\u00f1ero de\njornadas en un tuit publicado en recuerdo a su muerte.<\/p>\n\n\n\n<p>L\u00f3pez Avenda\u00f1o se perfilaba como el candidato a ganar en la jornada electoral del 2 de julio de ese a\u00f1o. La tarde del lunes 25 de junio de 2018, un ataque armado en el camino que conecta a\u00a0 San Vicente Coatl\u00e1n y Ejutla de Crespo acab\u00f3 con su vida luego de una gira electoral por la zona.<\/p>\n\n\n\n<p>En el hecho\ntambi\u00e9n murieron sus compa\u00f1eros de trabajo y lucha social Sa\u00fal V\u00e1squez\nVillegas, Olga Lidia V\u00e1squez S\u00e1nchez, Apuleyo Cruz y Florencio Ram\u00edrez, por\nquienes en su momento los representantes de la coalici\u00f3n \u201cJuntos Haremos\nHistoria\u201d se pronunciaron para condenar y exigir justicia.<\/p>\n\n\n\n<p>Flavio Sosa\npresumi\u00f3 la labor de Emigdio L\u00f3pez, con quien meses antes de su asesinato\nconvers\u00f3. <\/p>\n\n\n\n<p>\u201cEn los\nmeses anteriores a su muerte charlamos en distintas ocasiones sobre un proyecto\npol\u00edtico, Chapingo, AMLO y sobre la sierra sur que \u00e9l tanto amaba. Lo asesinaron\ny su crimen sigue impune. Montado en el viento sigue recorriendo los pueblos de\nla Sierra Sur\u201d, expres\u00f3.<\/p>\n\n\n\n<p>Record\u00f3 que\ndurante el sepelio, \u201cuna compa\u00f1era tom\u00f3 la palabra, serena, sin llanto afirm\u00f3:\nla lucha de nuestros compa\u00f1eros no termina con su muerte, debemos de continuar,\nno podr\u00e1n impedir la victoria del pueblo. \u00a1Justicia!\u201d.<\/p>\n\n\n\n<p>Pero a dos\na\u00f1os, la impunidad tambi\u00e9n golpea a las familias de las cinco personas\nasesinadas, hechos por los que la Fiscal\u00eda General del Estado sigue sin dar un\ninforme p\u00fablico de los avances sobre el caso.<\/p>\n","protected":false},"excerpt":{"rendered":"<p>Yuridiana Sosa\/Zona Roja. Oaxaca de Ju\u00e1rez, Oax., 26 de junio de 2020.-&nbsp; Durante la campa\u00f1a&hellip;<\/p>\n","protected":false},"author":2,"featured_media":14287,"comment_status":"closed","ping_status":"open","sticky":false,"template":"","format":"standard","meta":{"_lmt_disableupdate":"","_lmt_disable":"","_jetpack_memberships_contains_paid_content":false,"footnotes":""},"categories":[109,47],"tags":[1792],"class_list":["post-14286","post","type-post","status-publish","format-standard","has-post-thumbnail","hentry","category-minuto-a-minuto","category-zona-gris","tag-emigdio-lopez-avendano"],"jetpack_featured_media_url":"https:\/\/zonaroja.com.mx\/wp-content\/uploads\/2020\/06\/Emigdio-L\u00f3pez-Avenda\u00f1o.jpg","jetpack_sharing_enabled":true,"_links":{"self":[{"href":"https:\/\/zonaroja.com.mx\/index.php?rest_route=\/wp\/v2\/posts\/14286","targetHints":{"allow":["GET"]}}],"collection":[{"href":"https:\/\/zonaroja.com.mx\/index.php?rest_route=\/wp\/v2\/posts"}],"about":[{"href":"https:\/\/zonaroja.com.mx\/index.php?rest_route=\/wp\/v2\/types\/post"}],"author":[{"embeddable":true,"href":"https:\/\/zonaroja.com.mx\/index.php?rest_route=\/wp\/v2\/users\/2"}],"replies":[{"embeddable":true,"href":"https:\/\/zonaroja.com.mx\/index.php?rest_route=%2Fwp%2Fv2%2Fcomments&post=14286"}],"version-history":[{"count":2,"href":"https:\/\/zonaroja.com.mx\/index.php?rest_route=\/wp\/v2\/posts\/14286\/revisions"}],"predecessor-version":[{"id":14289,"href":"https:\/\/zonaroja.com.mx\/index.php?rest_route=\/wp\/v2\/posts\/14286\/revisions\/14289"}],"wp:featuredmedia":[{"embeddable":true,"href":"https:\/\/zonaroja.com.mx\/index.php?rest_route=\/wp\/v2\/media\/14287"}],"wp:attachment":[{"href":"https:\/\/zonaroja.com.mx\/index.php?rest_route=%2Fwp%2Fv2%2Fmedia&parent=14286"}],"wp:term":[{"taxonomy":"category","embeddable":true,"href":"https:\/\/zonaroja.com.mx\/index.php?rest_route=%2Fwp%2Fv2%2Fcategories&post=14286"},{"taxonomy":"post_tag","embeddable":true,"href":"https:\/\/zonaroja.com.mx\/index.php?rest_route=%2Fwp%2Fv2%2Ftags&post=14286"}],"curies":[{"name":"wp","href":"https:\/\/api.w.org\/{rel}","templated":true}]}}