{"id":14290,"date":"2020-06-26T16:08:01","date_gmt":"2020-06-26T21:08:01","guid":{"rendered":"http:\/\/www.zonaroja.com.mx\/?p=14290"},"modified":"2020-06-26T16:08:04","modified_gmt":"2020-06-26T21:08:04","slug":"demanda-diputado-remover-al-fiscal-de-oaxaca-por-no-investigar-crimenes-politicos","status":"publish","type":"post","link":"https:\/\/zonaroja.com.mx\/?p=14290","title":{"rendered":"Demanda diputado remover al fiscal de Oaxaca por no investigar cr\u00edmenes pol\u00edticos"},"content":{"rendered":"\n<p>Redacci\u00f3n\/Zona\nRoja.<\/p>\n\n\n\n<p>Oaxaca de\nJu\u00e1rez, Oax., 26 de junio de 2020.- Tras cumplirse dos a\u00f1os de la emboscada en\nla que fueron asesinados cinco militantes y activistas de Morena en San Vicente\nCoatl\u00e1n, el diputado local Horacio Sosa Villavicencio demand\u00f3 al gobernador que\nremueva de su cargo al fiscal general Rub\u00e9n Vasconcelos M\u00e9ndez, por no actuar\ncon la debida diligencia en las investigaciones de los cr\u00edmenes pol\u00edticos\nperpetrados contra la oposici\u00f3n.<\/p>\n\n\n\n<p>En un\ncomunicado, el coordinador del Grupo Parlamentario de Morena en el Congreso del\nEstado record\u00f3 que el 25 de junio de 2018, durante la contienda hist\u00f3rica que\nen el \u00e1mbito federal derroc\u00f3 al r\u00e9gimen priista, fueron asesinados el candidato\na diputado local Emigdio L\u00f3pez Avenda\u00f1o, as\u00ed como los activistas Apuleyo Cruz,\nFlorencio Ram\u00edrez, Olga Lidia V\u00e1squez S\u00e1nchez y Sa\u00fal V\u00e1squez Villegas, entre\nSan Vicente Coatl\u00e1n y Ejutla de Crespo, mientras realizaban actividades de\ncampa\u00f1a.<\/p>\n\n\n\n<p>Agreg\u00f3 que\nesos nombres forman parte de una lista de al menos ocho dirigentes, activistas\no militantes de Morena asesinados por motivos pol\u00edticos durante la campa\u00f1a\npasada y hasta los primeros d\u00edas del nuevo gobierno, sin que hasta el momento\nexistan personas purgando sentencias por los cr\u00edmenes con los que el antiguo\nr\u00e9gimen, a trav\u00e9s de caciques y pistoleros, busc\u00f3 detener el avance democr\u00e1tico\nque implic\u00f3 la elecci\u00f3n de 2018.<\/p>\n\n\n\n<p>De acuerdo\ncon el legislador de Morena, la inacci\u00f3n o ineficacia de la Fiscal\u00eda no se debe\na la incapacidad o la ignorancia de su titular, sino claramente a la colusi\u00f3n\ncon los intereses que motivaron los asesinatos contra las y los activistas de\nizquierda, pues de manera sistem\u00e1tica se ha negado a investigar estos hechos\ncomo derivados de la actividad pol\u00edtica a favor de la Cuarta Transformaci\u00f3n.<\/p>\n\n\n\n<p>Ello ha sido\nreconocido p\u00fablicamente por el propio fiscal, quien en declaraciones a un medio\nnacional en junio de 2018 dijo que en las investigaciones de 23 homicidios\ncontra personajes pol\u00edticos cometidos en el contexto electoral, solamente en\ndos de ellos se incluye la actividad pol\u00edtica como una de las l\u00edneas de\ninvestigaci\u00f3n, y sin que en esos casos se descarten m\u00f3viles como el crimen\norganizado o la venta de sustancias il\u00edcitas.<\/p>\n\n\n\n<p>\u201cCon esas\ndeclaraciones, resulta evidente que la Fiscal\u00eda General del Estado de Oaxaca\ndescart\u00f3 el m\u00f3vil pol\u00edtico en la mayor\u00eda de los casos, sin haber investigado\npreviamente; es decir, busc\u00f3 eliminar el perfil pol\u00edtico de los casos\u201d, plante\u00f3\nSosa Villavicencio, tambi\u00e9n presidente de la Junta de Coordinaci\u00f3n Pol\u00edtica del\nCongreso del Estado.<\/p>\n\n\n\n<p>En raz\u00f3n de\nello, consider\u00f3 indispensable la remoci\u00f3n del fiscal Rub\u00e9n Vasconcelos M\u00e9ndez\npara que las investigaciones puedan avanzar de manera expedita, pues \u201ctener\nconvicciones de izquierda y luchar por la transformaci\u00f3n del pa\u00eds no debe ser\nuna sentencia de muerte, como sucede en Oaxaca\u201d.<\/p>\n\n\n\n<p>\u201cEn la\nactual transici\u00f3n a la democracia, es necesario conocer la verdad y acceder a\nla justicia en relaci\u00f3n con los dirigentes y militantes pol\u00edticos asesinados\npor el r\u00e9gimen anterior, fen\u00f3meno que en el estado de Oaxaca ha sido\nsignificativo y ha da\u00f1ado gravemente a la sociedad\u201d, concluy\u00f3 Sosa\nVillavicencio.<\/p>\n","protected":false},"excerpt":{"rendered":"<p>Redacci\u00f3n\/Zona Roja. Oaxaca de Ju\u00e1rez, Oax., 26 de junio de 2020.- Tras cumplirse dos a\u00f1os&hellip;<\/p>\n","protected":false},"author":2,"featured_media":10576,"comment_status":"closed","ping_status":"open","sticky":false,"template":"","format":"standard","meta":{"_lmt_disableupdate":"","_lmt_disable":"","_jetpack_memberships_contains_paid_content":false,"footnotes":""},"categories":[109,47],"tags":[1792,444],"class_list":["post-14290","post","type-post","status-publish","format-standard","has-post-thumbnail","hentry","category-minuto-a-minuto","category-zona-gris","tag-emigdio-lopez-avendano","tag-horacio-sosa-villavicencio"],"jetpack_featured_media_url":"https:\/\/zonaroja.com.mx\/wp-content\/uploads\/2020\/04\/IMG_7458.png","jetpack_sharing_enabled":true,"_links":{"self":[{"href":"https:\/\/zonaroja.com.mx\/index.php?rest_route=\/wp\/v2\/posts\/14290","targetHints":{"allow":["GET"]}}],"collection":[{"href":"https:\/\/zonaroja.com.mx\/index.php?rest_route=\/wp\/v2\/posts"}],"about":[{"href":"https:\/\/zonaroja.com.mx\/index.php?rest_route=\/wp\/v2\/types\/post"}],"author":[{"embeddable":true,"href":"https:\/\/zonaroja.com.mx\/index.php?rest_route=\/wp\/v2\/users\/2"}],"replies":[{"embeddable":true,"href":"https:\/\/zonaroja.com.mx\/index.php?rest_route=%2Fwp%2Fv2%2Fcomments&post=14290"}],"version-history":[{"count":1,"href":"https:\/\/zonaroja.com.mx\/index.php?rest_route=\/wp\/v2\/posts\/14290\/revisions"}],"predecessor-version":[{"id":14291,"href":"https:\/\/zonaroja.com.mx\/index.php?rest_route=\/wp\/v2\/posts\/14290\/revisions\/14291"}],"wp:featuredmedia":[{"embeddable":true,"href":"https:\/\/zonaroja.com.mx\/index.php?rest_route=\/wp\/v2\/media\/10576"}],"wp:attachment":[{"href":"https:\/\/zonaroja.com.mx\/index.php?rest_route=%2Fwp%2Fv2%2Fmedia&parent=14290"}],"wp:term":[{"taxonomy":"category","embeddable":true,"href":"https:\/\/zonaroja.com.mx\/index.php?rest_route=%2Fwp%2Fv2%2Fcategories&post=14290"},{"taxonomy":"post_tag","embeddable":true,"href":"https:\/\/zonaroja.com.mx\/index.php?rest_route=%2Fwp%2Fv2%2Ftags&post=14290"}],"curies":[{"name":"wp","href":"https:\/\/api.w.org\/{rel}","templated":true}]}}