{"id":14292,"date":"2020-06-26T16:14:17","date_gmt":"2020-06-26T21:14:17","guid":{"rendered":"http:\/\/www.zonaroja.com.mx\/?p=14292"},"modified":"2020-06-26T16:14:21","modified_gmt":"2020-06-26T21:14:21","slug":"amlo-envia-abrazos-a-familias-de-victimas-de-huazantlan-y-por-sismo","status":"publish","type":"post","link":"https:\/\/zonaroja.com.mx\/?p=14292","title":{"rendered":"AMLO \u201cenv\u00eda abrazos\u201d a familias de v\u00edctimas de Huazantl\u00e1n y por sismo"},"content":{"rendered":"\n<p>Yuridiana\nSosa\/Zona Roja.<\/p>\n\n\n\n<p>Oaxaca de\nJu\u00e1rez, Oax., 26 de junio de 2020.- A cinco d\u00edas de la masacre en San Mateo del\nMar y a tres del sismo de 7.5 en Oaxaca, el Presidente Andr\u00e9s Manuel L\u00f3pez\nObrador ofreci\u00f3 sus condolencias y abrazos a las familias v\u00edctimas de ambos\nsucesos que cobraron la vida de 15 y 10 personas, respectivamente.<\/p>\n\n\n\n<p>El\nmandatario aprovech\u00f3 la conferencia matutina desde Morelia, Michoac\u00e1n, para\nabordar ambas situaciones, de las cuales, se justific\u00f3, no hab\u00eda tenido\noportunidad de expresarse en d\u00edas pasados por diversos temas surgidos.<\/p>\n\n\n\n<p>El titular\ndel Poder Ejecutivo federal lament\u00f3, primero, los hechos violentos ocurridos en\nSan Mateo del Mar, en el Istmo, el pasado domingo en el que 15 personas\nfallecieron v\u00edctimas de un ataque armado, quemados, lapidados y golpeados, pero\nadem\u00e1s, m\u00e1s de una decenas de personas se reportaron como desaparecidas.<\/p>\n\n\n\n<p>\u201cMe doli\u00f3\nmucho, porque es un enfrentamiento entre las mismas comunidades. Es pueblo\nenfrentado al pueblo\u201d, dijo en su intervenci\u00f3n. Y agreg\u00f3. \u201cDe por s\u00ed no\nquisiera que hubiera v\u00edctimas de ninguna violencia\u201d.<\/p>\n\n\n\n<p>Tras los\nhechos, en la ma\u00f1anera del martes, se enfoc\u00f3 en tratar de explicar que el\nproblema tiene como origen las diferencias entre pobladores de la cabecera\nmunicipal con las agencias.<\/p>\n\n\n\n<p>\u201cSuele pasar\nde que los ayuntamientos, los gobiernos municipales, cuando hay elecciones y\nqueda como presidente alguien de la cabecera municipal hay el malestar de las\ncomunidades del municipio, porque lo que llega de apoyo, para obras o\npresupuestos, solo se aplica en la cabecera y no se distribuye\u201d, dijo.<\/p>\n\n\n\n<p>Luego de\nmencionar que es lamentable, dijo que el gobierno federal intervendr\u00e1 buscando\nla conciliaci\u00f3n, para que haya di\u00e1logo, paz y se evite el uso de la violencia,\nsin el uso de la fuerza p\u00fablica, por lo que descart\u00f3 la intervenci\u00f3n de la\nGuardia Nacional.<\/p>\n\n\n\n<p>As\u00ed tambi\u00e9n,\nel presidente emiti\u00f3 sus condolencias a las familias de los oaxaque\u00f1os que\nperdieron la vida por el sismo de magnitud 7.5 el pasado 23 de junio.<\/p>\n\n\n\n<p>\u201cTambi\u00e9n\nenv\u00edo un abrazo a los que perdieron la vida por el terremoto\u2026los pueblos de los\nOzolotepec (en la Sierra Sur) los conozco, a todos esos pueblos&nbsp; los tengo aqu\u00ed, en la memoria y en mi\ncoraz\u00f3n\u201d.<\/p>\n","protected":false},"excerpt":{"rendered":"<p>Yuridiana Sosa\/Zona Roja. Oaxaca de Ju\u00e1rez, Oax., 26 de junio de 2020.- A cinco d\u00edas&hellip;<\/p>\n","protected":false},"author":2,"featured_media":14293,"comment_status":"closed","ping_status":"open","sticky":false,"template":"","format":"standard","meta":{"_lmt_disableupdate":"","_lmt_disable":"","_jetpack_memberships_contains_paid_content":false,"footnotes":""},"categories":[109,47],"tags":[143,605],"class_list":["post-14292","post","type-post","status-publish","format-standard","has-post-thumbnail","hentry","category-minuto-a-minuto","category-zona-gris","tag-andres-manuel-lopez-obrador","tag-san-mateo-del-mar"],"jetpack_featured_media_url":"https:\/\/zonaroja.com.mx\/wp-content\/uploads\/2020\/06\/L\u00f3pez-Obrador-Morelia.jpeg","jetpack_sharing_enabled":true,"_links":{"self":[{"href":"https:\/\/zonaroja.com.mx\/index.php?rest_route=\/wp\/v2\/posts\/14292","targetHints":{"allow":["GET"]}}],"collection":[{"href":"https:\/\/zonaroja.com.mx\/index.php?rest_route=\/wp\/v2\/posts"}],"about":[{"href":"https:\/\/zonaroja.com.mx\/index.php?rest_route=\/wp\/v2\/types\/post"}],"author":[{"embeddable":true,"href":"https:\/\/zonaroja.com.mx\/index.php?rest_route=\/wp\/v2\/users\/2"}],"replies":[{"embeddable":true,"href":"https:\/\/zonaroja.com.mx\/index.php?rest_route=%2Fwp%2Fv2%2Fcomments&post=14292"}],"version-history":[{"count":1,"href":"https:\/\/zonaroja.com.mx\/index.php?rest_route=\/wp\/v2\/posts\/14292\/revisions"}],"predecessor-version":[{"id":14294,"href":"https:\/\/zonaroja.com.mx\/index.php?rest_route=\/wp\/v2\/posts\/14292\/revisions\/14294"}],"wp:featuredmedia":[{"embeddable":true,"href":"https:\/\/zonaroja.com.mx\/index.php?rest_route=\/wp\/v2\/media\/14293"}],"wp:attachment":[{"href":"https:\/\/zonaroja.com.mx\/index.php?rest_route=%2Fwp%2Fv2%2Fmedia&parent=14292"}],"wp:term":[{"taxonomy":"category","embeddable":true,"href":"https:\/\/zonaroja.com.mx\/index.php?rest_route=%2Fwp%2Fv2%2Fcategories&post=14292"},{"taxonomy":"post_tag","embeddable":true,"href":"https:\/\/zonaroja.com.mx\/index.php?rest_route=%2Fwp%2Fv2%2Ftags&post=14292"}],"curies":[{"name":"wp","href":"https:\/\/api.w.org\/{rel}","templated":true}]}}