{"id":14297,"date":"2020-06-26T19:35:54","date_gmt":"2020-06-27T00:35:54","guid":{"rendered":"http:\/\/www.zonaroja.com.mx\/?p=14297"},"modified":"2020-06-26T19:35:58","modified_gmt":"2020-06-27T00:35:58","slug":"otro-caso-de-abuso-policial-y-de-impunidad-ahora-en-tlaxiaco-oaxaca","status":"publish","type":"post","link":"https:\/\/zonaroja.com.mx\/?p=14297","title":{"rendered":"Otro caso de abuso policial y de impunidad, ahora en Tlaxiaco, Oaxaca"},"content":{"rendered":"\n<p>Evlin\nArag\u00f3n\/Zona Roja.<\/p>\n\n\n\n<p>Familiares\ndel joven \u00c1ngel Daniel Bautista V\u00e1squez denunciaron un caso m\u00e1s de abuso de\nautoridad y uso excesivo de la fuerza p\u00fablica por parte de elementos de seguridad,\nesta vez en el municipio de Tlaxiaco, en donde la omisi\u00f3n y falta de justicia\ntambi\u00e9n se ha hecho presente a tres meses de los hechos.<\/p>\n\n\n\n<p>De\nacuerdo con el testimonio de Daniel Bautista Barrios, padre del joven, los\nhechos ocurrieron el 21 de marzo, despu\u00e9s de las nueve de la noche, cuando\n\u00c1ngel Daniel llegaba al domicilio de su familia, ubicado en el barrio San\nNicol\u00e1s, rumbo a la carretera a San Juan Mixtepec, en donde fue abordado por\nlos elementos de la polic\u00eda municipal de Tlaxiaco, al momento de descender de\nsu veh\u00edculo.<\/p>\n\n\n\n<p>Previo\na ello, los polic\u00edas municipales a bordo de una patrulla oficial hab\u00edan\nefectuado disparos de arma de fuego en contra del veh\u00edculo particular,\nlesionando al joven con un impacto de arma de fuego en la pierna izquierda,\nagresi\u00f3n que no qued\u00f3 ah\u00ed, sino que subi\u00f3 de tono cuando fue esposado y llevado\na un terreno bald\u00edo en donde lo torturaron dej\u00e1ndole una fractura en la pierna\nderecha.<\/p>\n\n\n\n<p>Por\nlas agresiones \u00c1ngel Daniel mantiene hasta el momento atenci\u00f3n m\u00e9dica y a tres\nmeses de los hechos no ha vuelto a caminar debido a las afectaciones que le\ndej\u00f3 la agresi\u00f3n y por la que fue necesaria una intervenci\u00f3n quir\u00fargica. <\/p>\n\n\n\n<p>De\nacuerdo con la familia del joven, que cuenta con el respaldo del Centro de\nDerechos Humanos y Asesor\u00eda a Pueblos Ind\u00edgenas A. C., los hechos fueron dados\na conocer a las autoridades el 2 de abril que se present\u00f3 la denuncia penal por\nel delito de tortura y los que resulten en contra de los elementos de la\npolic\u00eda de Tlaxiaco.<\/p>\n\n\n\n<p>Adem\u00e1s,\nque se dio cuenta a la autoridad municipal, encabezada por Gaudencio Ortiz\nCruz, a quien pareci\u00f3 no importarle ya que los polic\u00edas siguen trabajando\nnormalmente y sin sanciones administrativas por lo menos.&nbsp; <\/p>\n\n\n\n<p>Lejos\nde ser sancionados, los elementos de la polic\u00eda amparados en la impunidad se\nhan dado el lujo de amenazar a la familia, en cuyo domicilio han efectuado\ndisparos de arma de fuego en dos ocasiones, los d\u00edas 11 de abril y 20 d junio,\ncon la intenci\u00f3n de amedrentarla.&nbsp; <\/p>\n\n\n\n<p>A\ntres meses de los hechos, solicitaron a la Fiscal\u00eda General del Estado que se\nintegre la Carpeta de Investigaci\u00f3n y se castigue a los elementos de la polic\u00eda\nmunicipal de Tlaxiaco, responsables del delito de tortura, en contra de un joven\nque mantiene secuelas en su salud por la agresi\u00f3n<\/p>\n\n\n\n<p>As\u00ed\nmismo, informaron que ante la omisi\u00f3n de las autoridades municipales, desde\nfinales del mes de abril presentaron un documento ante el Comit\u00e9 contra la\nTortura de la Organizaci\u00f3n de la Naciones Unidad del cual esperan resoluci\u00f3n.<\/p>\n\n\n\n<p>En\nlas \u00faltimas semanas, el abuso policial se ha hecho presente en Acatl\u00e1n de P\u00e9rez\nFigueroa y San Pablo Huitzo, municipios en lo que dos j\u00f3venes perdieron la vida\npor las agresiones, y donde no fue hasta que se hicieron visibles en los medios\nde comunicaci\u00f3n que las autoridades de procuraci\u00f3n de justicia respondieron en\nconsecuencia.&nbsp; <\/p>\n","protected":false},"excerpt":{"rendered":"<p>Evlin Arag\u00f3n\/Zona Roja. Familiares del joven \u00c1ngel Daniel Bautista V\u00e1squez denunciaron un caso m\u00e1s de&hellip;<\/p>\n","protected":false},"author":2,"featured_media":14298,"comment_status":"closed","ping_status":"open","sticky":false,"template":"","format":"standard","meta":{"_lmt_disableupdate":"","_lmt_disable":"","_jetpack_memberships_contains_paid_content":false,"footnotes":""},"categories":[109,47],"tags":[643],"class_list":["post-14297","post","type-post","status-publish","format-standard","has-post-thumbnail","hentry","category-minuto-a-minuto","category-zona-gris","tag-heroica-ciudad-de-tlaxiaco"],"jetpack_featured_media_url":"https:\/\/zonaroja.com.mx\/wp-content\/uploads\/2020\/06\/Policia-Municipal-Tlaxiaco.jpg","jetpack_sharing_enabled":true,"_links":{"self":[{"href":"https:\/\/zonaroja.com.mx\/index.php?rest_route=\/wp\/v2\/posts\/14297","targetHints":{"allow":["GET"]}}],"collection":[{"href":"https:\/\/zonaroja.com.mx\/index.php?rest_route=\/wp\/v2\/posts"}],"about":[{"href":"https:\/\/zonaroja.com.mx\/index.php?rest_route=\/wp\/v2\/types\/post"}],"author":[{"embeddable":true,"href":"https:\/\/zonaroja.com.mx\/index.php?rest_route=\/wp\/v2\/users\/2"}],"replies":[{"embeddable":true,"href":"https:\/\/zonaroja.com.mx\/index.php?rest_route=%2Fwp%2Fv2%2Fcomments&post=14297"}],"version-history":[{"count":1,"href":"https:\/\/zonaroja.com.mx\/index.php?rest_route=\/wp\/v2\/posts\/14297\/revisions"}],"predecessor-version":[{"id":14299,"href":"https:\/\/zonaroja.com.mx\/index.php?rest_route=\/wp\/v2\/posts\/14297\/revisions\/14299"}],"wp:featuredmedia":[{"embeddable":true,"href":"https:\/\/zonaroja.com.mx\/index.php?rest_route=\/wp\/v2\/media\/14298"}],"wp:attachment":[{"href":"https:\/\/zonaroja.com.mx\/index.php?rest_route=%2Fwp%2Fv2%2Fmedia&parent=14297"}],"wp:term":[{"taxonomy":"category","embeddable":true,"href":"https:\/\/zonaroja.com.mx\/index.php?rest_route=%2Fwp%2Fv2%2Fcategories&post=14297"},{"taxonomy":"post_tag","embeddable":true,"href":"https:\/\/zonaroja.com.mx\/index.php?rest_route=%2Fwp%2Fv2%2Ftags&post=14297"}],"curies":[{"name":"wp","href":"https:\/\/api.w.org\/{rel}","templated":true}]}}