{"id":14302,"date":"2020-06-26T21:44:00","date_gmt":"2020-06-27T02:44:00","guid":{"rendered":"http:\/\/www.zonaroja.com.mx\/?p=14302"},"modified":"2020-06-26T21:44:04","modified_gmt":"2020-06-27T02:44:04","slug":"registra-oaxaca-6-homicidios-3-de-ellos-por-disparos-de-armas-de-fuego","status":"publish","type":"post","link":"https:\/\/zonaroja.com.mx\/?p=14302","title":{"rendered":"Registra Oaxaca 6 homicidios, 3 de ellos por disparos de armas de fuego"},"content":{"rendered":"\n<p>Ismael\nGarc\u00eda M.\/Zona Roja.<\/p>\n\n\n\n<p>Oaxaca\nde Ju\u00e1rez, Oax., 26 de junio de 2020.- Tres personas fueron asesinadas a\nbalazos en las \u00faltimas 24 horas, en dos hechos distintos en las regiones Mixteca\ny Ca\u00f1ada de Oaxaca.<\/p>\n\n\n\n<p>Adem\u00e1s,\notras tres personas perdieron la vida, una en Valles Centrales y dos m\u00e1s en el\nIstmo, una de ellas por suicidio.<\/p>\n\n\n\n<p>En\nla zona de Vista Hermosa, sobre la carretera local Santiago Juxtlahuaca-El Carrizal,\nla tarde de hoy fueron localizados los cuerpos de dos personas, atacadas por un\ngrupo armado.<\/p>\n\n\n\n<p>Hasta\nesta noche las v\u00edctimas no han sido identificadas y de manera preliminar fuentes\nde la Vicefiscal\u00eda Regional de la Mixteca dieron a conocer que eran originarias\nde La Sabana Copala, una comunidad triqui de la Mixteca.<\/p>\n\n\n\n<p>En\nTeotitl\u00e1n de Flores Mag\u00f3n, municipio de la regi\u00f3n Ca\u00f1ada, fue asesinado un\njoven estudiante, identificado como Fredy Mart\u00ednez Cort\u00e9s.<\/p>\n\n\n\n<p>Era\noriginario de San Pedro Pochutla y se encontraba all\u00ed realizando estudios,\nadem\u00e1s de participar como tecladista en un grupo musical; el crimen deriv\u00f3\npresuntamente de una ri\u00f1a.<\/p>\n\n\n\n<p>Esta\ntarde-noche, en la avenida La Paz de la agencia de San Juan Chapultepec, ciudad\nde Oaxaca, fue localizado el cuerpo sin vida de una persona del sexo masculino,\npresuntamente indigente, hasta ahora a\u00fan no identificado.<\/p>\n\n\n\n<p>Mientras\nque en Salina Cruz, ciudad y puerto de la regi\u00f3n del Istmo, ocurrieron dos\ndecesos. <\/p>\n\n\n\n<p>En\nla calle Pescador de la colonia Miramar, un individuo, identificado como\nGonzalo Mu\u00f1oz, toc\u00f3 accidentalmente unos cables de alta tensi\u00f3n la ma\u00f1ana de\nhoy, por lo que muri\u00f3 electrocutado; era trabajador de la terminal mar\u00edtima de\nPetr\u00f3leos Mexianos.<\/p>\n\n\n\n<p>Mientras\nque en un domicilio de la calle Rodrigo Carrasco de la colonia Hugo Mayoral,\nuna persona del sexo masculino se quit\u00f3 la vida, al colgarse con su hamaca del\ntecho; respondi\u00f3 en vida al nombre de Avelino M. M., de 24 a\u00f1os de edad.<\/p>\n\n\n\n<p>A\nla vez, en el municipio istme\u00f1o de Santo Domingo Petapa, fue colocada una\npresunta \u201cnarcomanta\u201d, colocada en el acceso a dicha localidad; describe\nmensajes amenazantes dirigidas a diversas personas.<\/p>\n","protected":false},"excerpt":{"rendered":"<p>Ismael Garc\u00eda M.\/Zona Roja. Oaxaca de Ju\u00e1rez, Oax., 26 de junio de 2020.- Tres personas&hellip;<\/p>\n","protected":false},"author":2,"featured_media":14303,"comment_status":"closed","ping_status":"open","sticky":false,"template":"","format":"standard","meta":{"_lmt_disableupdate":"","_lmt_disable":"","_jetpack_memberships_contains_paid_content":false,"footnotes":""},"categories":[109,51],"tags":[826],"class_list":["post-14302","post","type-post","status-publish","format-standard","has-post-thumbnail","hentry","category-minuto-a-minuto","category-zona-roja","tag-santiago-juxtlahuaca"],"jetpack_featured_media_url":"https:\/\/zonaroja.com.mx\/wp-content\/uploads\/2020\/06\/Homicidio.png","jetpack_sharing_enabled":true,"_links":{"self":[{"href":"https:\/\/zonaroja.com.mx\/index.php?rest_route=\/wp\/v2\/posts\/14302","targetHints":{"allow":["GET"]}}],"collection":[{"href":"https:\/\/zonaroja.com.mx\/index.php?rest_route=\/wp\/v2\/posts"}],"about":[{"href":"https:\/\/zonaroja.com.mx\/index.php?rest_route=\/wp\/v2\/types\/post"}],"author":[{"embeddable":true,"href":"https:\/\/zonaroja.com.mx\/index.php?rest_route=\/wp\/v2\/users\/2"}],"replies":[{"embeddable":true,"href":"https:\/\/zonaroja.com.mx\/index.php?rest_route=%2Fwp%2Fv2%2Fcomments&post=14302"}],"version-history":[{"count":1,"href":"https:\/\/zonaroja.com.mx\/index.php?rest_route=\/wp\/v2\/posts\/14302\/revisions"}],"predecessor-version":[{"id":14304,"href":"https:\/\/zonaroja.com.mx\/index.php?rest_route=\/wp\/v2\/posts\/14302\/revisions\/14304"}],"wp:featuredmedia":[{"embeddable":true,"href":"https:\/\/zonaroja.com.mx\/index.php?rest_route=\/wp\/v2\/media\/14303"}],"wp:attachment":[{"href":"https:\/\/zonaroja.com.mx\/index.php?rest_route=%2Fwp%2Fv2%2Fmedia&parent=14302"}],"wp:term":[{"taxonomy":"category","embeddable":true,"href":"https:\/\/zonaroja.com.mx\/index.php?rest_route=%2Fwp%2Fv2%2Fcategories&post=14302"},{"taxonomy":"post_tag","embeddable":true,"href":"https:\/\/zonaroja.com.mx\/index.php?rest_route=%2Fwp%2Fv2%2Ftags&post=14302"}],"curies":[{"name":"wp","href":"https:\/\/api.w.org\/{rel}","templated":true}]}}