{"id":14305,"date":"2020-06-26T21:51:07","date_gmt":"2020-06-27T02:51:07","guid":{"rendered":"http:\/\/www.zonaroja.com.mx\/?p=14305"},"modified":"2020-06-26T21:51:11","modified_gmt":"2020-06-27T02:51:11","slug":"oaxaca-seguira-en-semaforo-rojo-hoy-22-muertos-y-276-casos-de-covid","status":"publish","type":"post","link":"https:\/\/zonaroja.com.mx\/?p=14305","title":{"rendered":"Oaxaca seguir\u00e1 en sem\u00e1foro rojo; hoy, 22 muertos y 276 casos de Covid"},"content":{"rendered":"\n<p>Redacci\u00f3n\/Zona\nRoja.<\/p>\n\n\n\n<p>Oaxaca\nde Ju\u00e1rez, Oax. 26 de junio de 2020.- Por el alto n\u00famero de contagios de Covid-19,\nOaxaca se mantendr\u00e1 en sem\u00e1foro rojo la pr\u00f3xima semana, inform\u00f3 hoy la\nSecretar\u00eda de Salud federal.<\/p>\n\n\n\n<p>En\ntanto, autoridades estatales confirmaron el registro en las \u00faltimas 24 horas de\n22 personas fallecidas y 276 casos de personas con coronavirus.<\/p>\n\n\n\n<p>En\nun comunicado, la dependencia Servicios de Salud de Oaxaca inform\u00f3 que Valles\nCentrales es la regi\u00f3n m\u00e1s afectada por la pandemia, pues hasta el corte de hoy\n26 de junio, se ha registrado en esta zona tres mil 296 contagios, es decir, el\n68.3% de los cuatro mil 825 acumulados en todo el territorio oaxaque\u00f1o.<\/p>\n\n\n\n<p>Durante el informe diario del curso de la emergencia sanitaria en la entidad, destac\u00f3 que este viernes se tienen notificados 655 casos activos en 93 municipios, 51 de estos corresponden a Valles Centrales.<\/p>\n\n\n\n<figure class=\"wp-block-image\"><img decoding=\"async\" width=\"1024\" height=\"576\" src=\"http:\/\/www.zonaroja.com.mx\/wp-content\/uploads\/2020\/06\/SSO-2-9-1024x576.jpeg\" alt=\"\" class=\"wp-image-14307\" srcset=\"https:\/\/zonaroja.com.mx\/wp-content\/uploads\/2020\/06\/SSO-2-9-1024x576.jpeg 1024w, https:\/\/zonaroja.com.mx\/wp-content\/uploads\/2020\/06\/SSO-2-9-300x169.jpeg 300w, https:\/\/zonaroja.com.mx\/wp-content\/uploads\/2020\/06\/SSO-2-9-768x432.jpeg 768w, https:\/\/zonaroja.com.mx\/wp-content\/uploads\/2020\/06\/SSO-2-9-585x329.jpeg 585w, https:\/\/zonaroja.com.mx\/wp-content\/uploads\/2020\/06\/SSO-2-9.jpeg 1080w\" sizes=\"(max-width: 1024px) 100vw, 1024px\" \/><\/figure>\n\n\n\n<p>Detall\u00f3\nque del global de positivos, 276 son casos nuevos, se tiene en espera de\nresultados 988 pruebas, 545 personas han perdido la vida, 22 m\u00e1s que el d\u00eda de\nayer; as\u00ed tambi\u00e9n tres mil 625 oaxaque\u00f1as y oaxaque\u00f1os se han recuperado del\npadecimiento infeccioso.<\/p>\n\n\n\n<p>Mencion\u00f3\nque en segundo lugar de zonas con mayor incidencia de la patolog\u00eda v\u00edrica, se\nubica la Jurisdicci\u00f3n Sanitaria de Tuxtepec con 648 casos, de los cuales 133\nest\u00e1n activos; seguido por el Istmo con 325 acumulados y 56 pacientes que\npresentaron s\u00edntomas en los \u00faltimos 14 d\u00edas.<\/p>\n\n\n\n<p>As\u00ed\ncomo la Mixteca con 264 notificaciones acumuladas, de esta cifra 58 a\u00fan cursan\ncon la enfermedad; la Costa presenta 179 confirmados y s\u00f3lo se mantienen\nactivos 12 pacientes; y finalmente la Sierra (Norte) contabiliza un registro de\n113 positivos, con 22 personas en etapa de contagio.<\/p>\n\n\n\n<p>Asever\u00f3\nque durante la emergencia sanitaria el 28% de los ciudadanos que han dado\npositivo a Covid-19, han requerido hospitalizaci\u00f3n, principalmente debido a\ncomplicaciones derivadas por enfermedades cr\u00f3nico degenerativas.<\/p>\n\n\n\n<p>Precis\u00f3\nque hasta el \u00faltimo corte, la red de nosocomios en el estado presenta el 46.4%\nde ocupaci\u00f3n, es decir el 53.4 % de camas de observaci\u00f3n y el 50.5% con\nasistencia ventilatoria est\u00e1n disponible para atender a los pacientes que lo\nrequieran.<\/p>\n","protected":false},"excerpt":{"rendered":"<p>Redacci\u00f3n\/Zona Roja. Oaxaca de Ju\u00e1rez, Oax. 26 de junio de 2020.- Por el alto n\u00famero&hellip;<\/p>\n","protected":false},"author":2,"featured_media":14306,"comment_status":"closed","ping_status":"open","sticky":false,"template":"","format":"standard","meta":{"_lmt_disableupdate":"","_lmt_disable":"","_jetpack_memberships_contains_paid_content":false,"footnotes":""},"categories":[109,47],"tags":[1512],"class_list":["post-14305","post","type-post","status-publish","format-standard","has-post-thumbnail","hentry","category-minuto-a-minuto","category-zona-gris","tag-coronavirus-oaxaca"],"jetpack_featured_media_url":"https:\/\/zonaroja.com.mx\/wp-content\/uploads\/2020\/06\/SSO-1-8.jpeg","jetpack_sharing_enabled":true,"_links":{"self":[{"href":"https:\/\/zonaroja.com.mx\/index.php?rest_route=\/wp\/v2\/posts\/14305","targetHints":{"allow":["GET"]}}],"collection":[{"href":"https:\/\/zonaroja.com.mx\/index.php?rest_route=\/wp\/v2\/posts"}],"about":[{"href":"https:\/\/zonaroja.com.mx\/index.php?rest_route=\/wp\/v2\/types\/post"}],"author":[{"embeddable":true,"href":"https:\/\/zonaroja.com.mx\/index.php?rest_route=\/wp\/v2\/users\/2"}],"replies":[{"embeddable":true,"href":"https:\/\/zonaroja.com.mx\/index.php?rest_route=%2Fwp%2Fv2%2Fcomments&post=14305"}],"version-history":[{"count":1,"href":"https:\/\/zonaroja.com.mx\/index.php?rest_route=\/wp\/v2\/posts\/14305\/revisions"}],"predecessor-version":[{"id":14308,"href":"https:\/\/zonaroja.com.mx\/index.php?rest_route=\/wp\/v2\/posts\/14305\/revisions\/14308"}],"wp:featuredmedia":[{"embeddable":true,"href":"https:\/\/zonaroja.com.mx\/index.php?rest_route=\/wp\/v2\/media\/14306"}],"wp:attachment":[{"href":"https:\/\/zonaroja.com.mx\/index.php?rest_route=%2Fwp%2Fv2%2Fmedia&parent=14305"}],"wp:term":[{"taxonomy":"category","embeddable":true,"href":"https:\/\/zonaroja.com.mx\/index.php?rest_route=%2Fwp%2Fv2%2Fcategories&post=14305"},{"taxonomy":"post_tag","embeddable":true,"href":"https:\/\/zonaroja.com.mx\/index.php?rest_route=%2Fwp%2Fv2%2Ftags&post=14305"}],"curies":[{"name":"wp","href":"https:\/\/api.w.org\/{rel}","templated":true}]}}