{"id":14312,"date":"2020-06-26T22:17:40","date_gmt":"2020-06-27T03:17:40","guid":{"rendered":"http:\/\/www.zonaroja.com.mx\/?p=14312"},"modified":"2020-06-26T22:17:44","modified_gmt":"2020-06-27T03:17:44","slug":"detienen-a-mas-implicados-en-atentado-a-harfuch-uno-es-oaxaqueno","status":"publish","type":"post","link":"https:\/\/zonaroja.com.mx\/?p=14312","title":{"rendered":"Detienen a m\u00e1s implicados en atentado a Harfuch; uno es oaxaque\u00f1o"},"content":{"rendered":"\n<p>Redacci\u00f3n\/Zona\nRoja Cdmx.<\/p>\n\n\n\n<p>Ciudad\nde M\u00e9xico, 26 de junio de 2020.- Son al menos 15 personas detenidas en el transcurso\nde este viernes, implicadas en el atentado al secretario de Seguridad de la ciudad\nde M\u00e9xico, Omar Garc\u00eda Harfuch, hechos en que perdieron la vida tres personas,\nuna de ellas una mujer civil.<\/p>\n\n\n\n<p>Esta\nnoche, la Secretar\u00eda de Seguridad Ciudadana (SSC) inform\u00f3 que detuvo a Jos\u00e9\n\u201cN\u201d, alias \u201cLa Vaca\u201d, a quien identific\u00f3 como jefe de sicarios del C\u00e1rtel de\nJalisco Nueva Generaci\u00f3n (CJNG), en Tonal\u00e1, Jalisco, y como el posible autor\nintelectual del atentado que ocurri\u00f3 esta ma\u00f1ana en la colonia Lomas de\nChapultepec, en Miguel Hidalgo.<\/p>\n\n\n\n<p>El\nsujeto fue detenido en la colonia Santa Catarina, en Tl\u00e1huac, donde&nbsp; de acuerdo con los primeros reportes&nbsp; se conoci\u00f3 que \u201cse refugi\u00f3 despu\u00e9s de las\nagresiones y donde tras el seguimiento a trav\u00e9s de las c\u00e1maras de\nvideovigilancia, los polic\u00edas de la SSC dieron alcance\u201d.<\/p>\n\n\n\n<p>Las\nprimeras indagatorias revelan que \u201cVaca\u201d, de 35 a\u00f1os, opera bajo las \u00f3rdenes de\nCarlos Andr\u00e9s Rivera Varela, alias \u201cMorro\u201d, l\u00edder regional del CJNG, adem\u00e1s de\nque&nbsp; \u201ces responsable del reclutamiento y\nadiestramiento de sicarios al servicio de dicho c\u00e1rtel, principalmente en\nPuerto Vallarta, Jalisco\u201d.<\/p>\n\n\n\n<p>Mientras\ntanto, en el Estado de M\u00e9xico la Secretar\u00eda de Seguridad confirm\u00f3 que captur\u00f3 a\ndos hombres que presumiblemente habr\u00edan participado en el atentado perpetrado\nhoy alrededor de las 06:35 horas.<\/p>\n\n\n\n<p>Los\nhombres fueron detenidos tras una persecuci\u00f3n en la carretera\nToluca-Atlacomulco, luego de que polic\u00edas estatales ubicaran el auto Jetta en\nel que viajaban y que presuntamente fue la que vigil\u00f3 desde hace unos d\u00edas los\nmovimientos en la casa del secretario de seguridad capitalina.<\/p>\n\n\n\n<p>Ambos\nfueron remitidos a la Fiscal\u00eda General de Justicia de la entidad en Toluca,\nquien posteriormente los remitir\u00eda a la Fiscal\u00eda capitalina.<\/p>\n\n\n\n<p>Las\nautoridades mexiquenses no revelaron la identidad de los detenidos, solo se\nsabe que uno de ellos era originario de Jalisco y otro de Oaxaca y ambos ten\u00edan\nmenos de 30 a\u00f1os.<\/p>\n\n\n\n<p>El\noaxaque\u00f1o, seg\u00fan los primeros informes, viv\u00eda en la colonia Zapotecca de la\nVilla de Zaachila; presuntamente era conductor de un autob\u00fas de pasajeros y ya\nhab\u00eda sido acusado del robo de un cami\u00f3n tipo volteo en Zimatl\u00e1n de \u00c1lvarez.<\/p>\n\n\n\n<p>(Con\ninformaci\u00f3n de \u201cLa Jornada\u201d)<\/p>\n","protected":false},"excerpt":{"rendered":"<p>Redacci\u00f3n\/Zona Roja Cdmx. Ciudad de M\u00e9xico, 26 de junio de 2020.- Son al menos 15&hellip;<\/p>\n","protected":false},"author":2,"featured_media":14313,"comment_status":"closed","ping_status":"open","sticky":false,"template":"","format":"standard","meta":{"_lmt_disableupdate":"","_lmt_disable":"","_jetpack_memberships_contains_paid_content":false,"footnotes":""},"categories":[109,51],"tags":[1791],"class_list":["post-14312","post","type-post","status-publish","format-standard","has-post-thumbnail","hentry","category-minuto-a-minuto","category-zona-roja","tag-omar-garcia-harfuch"],"jetpack_featured_media_url":"https:\/\/zonaroja.com.mx\/wp-content\/uploads\/2020\/06\/Detenidos-Harfuch.jpg","jetpack_sharing_enabled":true,"_links":{"self":[{"href":"https:\/\/zonaroja.com.mx\/index.php?rest_route=\/wp\/v2\/posts\/14312","targetHints":{"allow":["GET"]}}],"collection":[{"href":"https:\/\/zonaroja.com.mx\/index.php?rest_route=\/wp\/v2\/posts"}],"about":[{"href":"https:\/\/zonaroja.com.mx\/index.php?rest_route=\/wp\/v2\/types\/post"}],"author":[{"embeddable":true,"href":"https:\/\/zonaroja.com.mx\/index.php?rest_route=\/wp\/v2\/users\/2"}],"replies":[{"embeddable":true,"href":"https:\/\/zonaroja.com.mx\/index.php?rest_route=%2Fwp%2Fv2%2Fcomments&post=14312"}],"version-history":[{"count":1,"href":"https:\/\/zonaroja.com.mx\/index.php?rest_route=\/wp\/v2\/posts\/14312\/revisions"}],"predecessor-version":[{"id":14314,"href":"https:\/\/zonaroja.com.mx\/index.php?rest_route=\/wp\/v2\/posts\/14312\/revisions\/14314"}],"wp:featuredmedia":[{"embeddable":true,"href":"https:\/\/zonaroja.com.mx\/index.php?rest_route=\/wp\/v2\/media\/14313"}],"wp:attachment":[{"href":"https:\/\/zonaroja.com.mx\/index.php?rest_route=%2Fwp%2Fv2%2Fmedia&parent=14312"}],"wp:term":[{"taxonomy":"category","embeddable":true,"href":"https:\/\/zonaroja.com.mx\/index.php?rest_route=%2Fwp%2Fv2%2Fcategories&post=14312"},{"taxonomy":"post_tag","embeddable":true,"href":"https:\/\/zonaroja.com.mx\/index.php?rest_route=%2Fwp%2Fv2%2Ftags&post=14312"}],"curies":[{"name":"wp","href":"https:\/\/api.w.org\/{rel}","templated":true}]}}